{"id":97522,"date":"2023-11-29T18:59:51","date_gmt":"2023-11-29T18:59:51","guid":{"rendered":"https:\/\/enblancoynegro.com.mx\/?p=97522"},"modified":"2023-11-29T18:59:53","modified_gmt":"2023-11-29T18:59:53","slug":"estreno-de-la-bioserie-se-llamaba-pedro-infante-en-television-abierta","status":"publish","type":"post","link":"https:\/\/lanortenita917.com.mx\/index.php\/2023\/11\/29\/estreno-de-la-bioserie-se-llamaba-pedro-infante-en-television-abierta\/","title":{"rendered":"Estreno de la bioserie &#8220;Se llamaba Pedro Infante&#8221; en televisi\u00f3n abierta"},"content":{"rendered":"\n<p>La bioserie &#8220;Se llamaba Pedro Infante&#8221; se estrenar\u00e1 en televisi\u00f3n abierta el 30 de noviembre despu\u00e9s del noticiero de la noche, en el Canal de las Estrellas. En este d\u00eda, se presentar\u00e1 un avance del primer cap\u00edtulo. Posteriormente, a partir del 1 de diciembre, los espectadores podr\u00e1n disfrutar de todos los cap\u00edtulos de la serie.<\/p>\n\n\n\n<p>La producci\u00f3n, que consta de ocho episodios, explorar\u00e1 la vida del ic\u00f3nico actor y cantante mexicano Pedro Infante, desde sus inicios en la m\u00fasica hasta convertirse en una leyenda del cine de oro mexicano. La serie contar\u00e1 con la participaci\u00f3n de actores como Regina Nava, Julio Bracho y Ana Claudia Talanc\u00f3n. Mario Mor\u00e1n interpretar\u00e1 a Pedro Infante en su etapa joven.<\/p>\n\n\n\n<figure class=\"wp-block-image size-full\"><img decoding=\"async\" src=\"https:\/\/enblancoynegro.com.mx\/wp-content\/uploads\/2023\/11\/pedro2.png\" alt=\"\" class=\"wp-image-97524\"\/><\/figure>\n\n\n\n<p>Despu\u00e9s del adelanto en televisi\u00f3n abierta, la bioserie estar\u00e1 disponible de manera completa en VIX, una plataforma en l\u00ednea que ofrece una variedad de contenidos, incluyendo series y pel\u00edculas. La serie busca rendir homenaje a la vida y carrera de Pedro Infante, quien dej\u00f3 un legado significativo en la m\u00fasica y el cine mexicano.1 \/ 2<\/p>\n","protected":false},"excerpt":{"rendered":"<p>La bioserie &#8220;Se llamaba Pedro Infante&#8221; se estrenar\u00e1 en televisi\u00f3n abierta el 30 de noviembre despu\u00e9s del noticiero de la noche, en el Canal de las Estrellas. En este d\u00eda, se presentar\u00e1 un avance del primer cap\u00edtulo. Posteriormente, a partir del 1 de diciembre, los espectadores podr\u00e1n disfrutar de todos los cap\u00edtulos de la serie. &hellip;<\/p>\n<p class=\"read-more\"> <a class=\"\" href=\"https:\/\/lanortenita917.com.mx\/index.php\/2023\/11\/29\/estreno-de-la-bioserie-se-llamaba-pedro-infante-en-television-abierta\/\"> <span class=\"screen-reader-text\">Estreno de la bioserie &#8220;Se llamaba Pedro Infante&#8221; en televisi\u00f3n abierta<\/span> Leer m\u00e1s &raquo;<\/a><\/p>\n","protected":false},"author":7,"featured_media":97528,"comment_status":"closed","ping_status":"closed","sticky":false,"template":"","format":"standard","meta":{"site-sidebar-layout":"default","site-content-layout":"","ast-site-content-layout":"default","site-content-style":"default","site-sidebar-style":"default","ast-global-header-display":"","ast-banner-title-visibility":"","ast-main-header-display":"","ast-hfb-above-header-display":"","ast-hfb-below-header-display":"","ast-hfb-mobile-header-display":"","site-post-title":"","ast-breadcrumbs-content":"","ast-featured-img":"","footer-sml-layout":"","theme-transparent-header-meta":"","adv-header-id-meta":"","stick-header-meta":"","header-above-stick-meta":"","header-main-stick-meta":"","header-below-stick-meta":"","astra-migrate-meta-layouts":"set","footnotes":""},"categories":[8,10,12,11],"tags":[],"class_list":["post-97522","post","type-post","status-publish","format-standard","has-post-thumbnail","hentry","category-espectaculos","category-notaslanortenita","category-notasmagiadigital","category-ocio"],"_links":{"self":[{"href":"https:\/\/lanortenita917.com.mx\/index.php\/wp-json\/wp\/v2\/posts\/97522","targetHints":{"allow":["GET"]}}],"collection":[{"href":"https:\/\/lanortenita917.com.mx\/index.php\/wp-json\/wp\/v2\/posts"}],"about":[{"href":"https:\/\/lanortenita917.com.mx\/index.php\/wp-json\/wp\/v2\/types\/post"}],"author":[{"embeddable":true,"href":"https:\/\/lanortenita917.com.mx\/index.php\/wp-json\/wp\/v2\/users\/7"}],"replies":[{"embeddable":true,"href":"https:\/\/lanortenita917.com.mx\/index.php\/wp-json\/wp\/v2\/comments?post=97522"}],"version-history":[{"count":1,"href":"https:\/\/lanortenita917.com.mx\/index.php\/wp-json\/wp\/v2\/posts\/97522\/revisions"}],"predecessor-version":[{"id":97523,"href":"https:\/\/lanortenita917.com.mx\/index.php\/wp-json\/wp\/v2\/posts\/97522\/revisions\/97523"}],"wp:featuredmedia":[{"embeddable":true,"href":"https:\/\/lanortenita917.com.mx\/index.php\/wp-json\/wp\/v2\/media\/97528"}],"wp:attachment":[{"href":"https:\/\/lanortenita917.com.mx\/index.php\/wp-json\/wp\/v2\/media?parent=97522"}],"wp:term":[{"taxonomy":"category","embeddable":true,"href":"https:\/\/lanortenita917.com.mx\/index.php\/wp-json\/wp\/v2\/categories?post=97522"},{"taxonomy":"post_tag","embeddable":true,"href":"https:\/\/lanortenita917.com.mx\/index.php\/wp-json\/wp\/v2\/tags?post=97522"}],"curies":[{"name":"wp","href":"https:\/\/api.w.org\/{rel}","templated":true}]}}