{"id":89381,"date":"2023-10-23T19:59:16","date_gmt":"2023-10-23T19:59:16","guid":{"rendered":"https:\/\/enblancoynegro.com.mx\/?p=89381"},"modified":"2023-10-23T19:59:18","modified_gmt":"2023-10-23T19:59:18","slug":"natanael-cano-cae-del-escenario-por-bailar-de-espaldas-en-pleno-concierto","status":"publish","type":"post","link":"https:\/\/lanortenita917.com.mx\/index.php\/2023\/10\/23\/natanael-cano-cae-del-escenario-por-bailar-de-espaldas-en-pleno-concierto\/","title":{"rendered":"Natanael Cano cae del escenario por bailar de espaldas en pleno concierto"},"content":{"rendered":"\n<p>Natanael Cano, el joven cantante de corridos tumbados, sufri\u00f3 un incidente durante un concierto en Metepec, Estado de M\u00e9xico, donde cay\u00f3 del escenario mientras actuaba. El angustiante momento fue registrado en video y se comparti\u00f3 en redes sociales.<\/p>\n\n\n\n<p>Seg\u00fan los informes, el incidente ocurri\u00f3 mientras Natanael Cano estaba actuando en el escenario. En medio de la euforia del espect\u00e1culo, comenz\u00f3 a bailar hacia atr\u00e1s sin darse cuenta de que se acercaba al borde del escenario. Como resultado, cay\u00f3 de espaldas a la primera fila de asistentes.<\/p>\n\n\n\n<p>Afortunadamente, el cantante pudo girar su cuerpo mientras ca\u00eda y no sufri\u00f3 lesiones graves. El personal de seguridad lo ayud\u00f3 a reincorporarse al show poco despu\u00e9s de la ca\u00edda. Natanael Cano expres\u00f3 su sorpresa y alivio tras el incidente y agradeci\u00f3 que no pasara a mayores.<\/p>\n\n\n\n<p>Este episodio no parece haber tenido consecuencias graves, y el cantante continu\u00f3 con su actuaci\u00f3n despu\u00e9s de recuperarse del susto. Cabe mencionar que previamente, en diciembre pasado, Natanael Cano sufri\u00f3 un accidente al practicar motocross, lo que result\u00f3 en una fractura en la pierna. Sin embargo, pudo rehabilitarse despu\u00e9s de recibir tratamiento m\u00e9dico.<\/p>\n\n\n\n<figure class=\"wp-block-video\"><video controls src=\"https:\/\/enblancoynegro.com.mx\/wp-content\/uploads\/2023\/10\/ssstik.io_1697912333068.mp4\"><\/video><\/figure>\n","protected":false},"excerpt":{"rendered":"<p>Natanael Cano, el joven cantante de corridos tumbados, sufri\u00f3 un incidente durante un concierto en Metepec, Estado de M\u00e9xico, donde cay\u00f3 del escenario mientras actuaba. El angustiante momento fue registrado en video y se comparti\u00f3 en redes sociales. Seg\u00fan los informes, el incidente ocurri\u00f3 mientras Natanael Cano estaba actuando en el escenario. En medio de &hellip;<\/p>\n<p class=\"read-more\"> <a class=\"\" href=\"https:\/\/lanortenita917.com.mx\/index.php\/2023\/10\/23\/natanael-cano-cae-del-escenario-por-bailar-de-espaldas-en-pleno-concierto\/\"> <span class=\"screen-reader-text\">Natanael Cano cae del escenario por bailar de espaldas en pleno concierto<\/span> Leer m\u00e1s &raquo;<\/a><\/p>\n","protected":false},"author":7,"featured_media":89387,"comment_status":"closed","ping_status":"closed","sticky":false,"template":"","format":"standard","meta":{"site-sidebar-layout":"default","site-content-layout":"","ast-site-content-layout":"default","site-content-style":"default","site-sidebar-style":"default","ast-global-header-display":"","ast-banner-title-visibility":"","ast-main-header-display":"","ast-hfb-above-header-display":"","ast-hfb-below-header-display":"","ast-hfb-mobile-header-display":"","site-post-title":"","ast-breadcrumbs-content":"","ast-featured-img":"","footer-sml-layout":"","theme-transparent-header-meta":"","adv-header-id-meta":"","stick-header-meta":"","header-above-stick-meta":"","header-main-stick-meta":"","header-below-stick-meta":"","astra-migrate-meta-layouts":"set","footnotes":""},"categories":[8,10,12,11],"tags":[],"class_list":["post-89381","post","type-post","status-publish","format-standard","has-post-thumbnail","hentry","category-espectaculos","category-notaslanortenita","category-notasmagiadigital","category-ocio"],"_links":{"self":[{"href":"https:\/\/lanortenita917.com.mx\/index.php\/wp-json\/wp\/v2\/posts\/89381","targetHints":{"allow":["GET"]}}],"collection":[{"href":"https:\/\/lanortenita917.com.mx\/index.php\/wp-json\/wp\/v2\/posts"}],"about":[{"href":"https:\/\/lanortenita917.com.mx\/index.php\/wp-json\/wp\/v2\/types\/post"}],"author":[{"embeddable":true,"href":"https:\/\/lanortenita917.com.mx\/index.php\/wp-json\/wp\/v2\/users\/7"}],"replies":[{"embeddable":true,"href":"https:\/\/lanortenita917.com.mx\/index.php\/wp-json\/wp\/v2\/comments?post=89381"}],"version-history":[{"count":2,"href":"https:\/\/lanortenita917.com.mx\/index.php\/wp-json\/wp\/v2\/posts\/89381\/revisions"}],"predecessor-version":[{"id":89388,"href":"https:\/\/lanortenita917.com.mx\/index.php\/wp-json\/wp\/v2\/posts\/89381\/revisions\/89388"}],"wp:featuredmedia":[{"embeddable":true,"href":"https:\/\/lanortenita917.com.mx\/index.php\/wp-json\/wp\/v2\/media\/89387"}],"wp:attachment":[{"href":"https:\/\/lanortenita917.com.mx\/index.php\/wp-json\/wp\/v2\/media?parent=89381"}],"wp:term":[{"taxonomy":"category","embeddable":true,"href":"https:\/\/lanortenita917.com.mx\/index.php\/wp-json\/wp\/v2\/categories?post=89381"},{"taxonomy":"post_tag","embeddable":true,"href":"https:\/\/lanortenita917.com.mx\/index.php\/wp-json\/wp\/v2\/tags?post=89381"}],"curies":[{"name":"wp","href":"https:\/\/api.w.org\/{rel}","templated":true}]}}