{"id":88849,"date":"2023-10-20T18:27:26","date_gmt":"2023-10-20T18:27:26","guid":{"rendered":"https:\/\/enblancoynegro.com.mx\/?p=88849"},"modified":"2023-10-20T18:27:27","modified_gmt":"2023-10-20T18:27:27","slug":"yahritza-al-ritmo-de-la-banda-y-compartiendo-un-momento-especial-con-una-fan","status":"publish","type":"post","link":"https:\/\/lanortenita917.com.mx\/index.php\/2023\/10\/20\/yahritza-al-ritmo-de-la-banda-y-compartiendo-un-momento-especial-con-una-fan\/","title":{"rendered":"Yahritza, al ritmo de la banda y compartiendo un momento especial con una fan"},"content":{"rendered":"\n<p>Hace unos meses, Yahritza Mart\u00ednez, la vocalista del grupo de m\u00fasica regional mexicana &#8220;Yahritza y su esencia,&#8221; se vio involucrada en una controversia junto a sus hermanos debido a sus opiniones negativas sobre la cultura culinaria de M\u00e9xico y la regi\u00f3n en general en una entrevista realizada hace un a\u00f1o. Ahora, la joven cantante vuelve a estar en el centro de atenci\u00f3n al ser &#8220;captada&#8221; mostrando sus mejores pasos de baile junto a una de sus seguidoras.<\/p>\n\n\n\n<p>El video que ha causado revuelo se comparti\u00f3 a trav\u00e9s de la plataforma TikTok. En \u00e9l, se puede ver a la artista vestida con pantalones de mezclilla, botas, una camisa azul y una gorra roja, mientras que la joven lleva lo que parece ser una blusa de color caf\u00e9 con algunos rayos rubios en el cabello. Ambas bailan muy cerca entre s\u00ed, siguiendo el caracter\u00edstico ritmo del g\u00e9nero regional o de banda.<\/p>\n\n\n\n<p>Adem\u00e1s, en el fondo del video se pueden observar a otras personas grabando el momento. Seg\u00fan la descripci\u00f3n del post, esta escena habr\u00eda tenido lugar despu\u00e9s de un concierto de la agrupaci\u00f3n en Estados Unidos, aunque se desconoce el lugar y la fecha exacta del evento.<\/p>\n\n\n\n<p>El clip gener\u00f3 algunos comentarios positivos de aquellos que aplaudieron la habilidad de la cantante para moverse y su aspecto en ese momento. Sin embargo, hubo algunas dudas sobre si realmente se trataba de la int\u00e9rprete de &#8220;Fragil&#8221;.<\/p>\n\n\n\n<p>A pesar de la incertidumbre, parece que la famosa tiene la costumbre de crear un ambiente festivo en sus espect\u00e1culos, haciendo que sus seguidores se unan al baile. En otra grabaci\u00f3n en la misma plataforma, se la ve en el escenario junto a Jairo y Armando, sus hermanos, mientras interpretan una canci\u00f3n. En esta ocasi\u00f3n, varias personas se unen al baile en el fondo del escenario, lo que demuestra su capacidad para crear momentos especiales y de diversi\u00f3n con sus fans durante sus actuaciones.<\/p>\n\n\n\n<figure class=\"wp-block-video\"><video controls src=\"https:\/\/enblancoynegro.com.mx\/wp-content\/uploads\/2023\/10\/ssstik.io_1697823204655.mp4\"><\/video><\/figure>\n","protected":false},"excerpt":{"rendered":"<p>Hace unos meses, Yahritza Mart\u00ednez, la vocalista del grupo de m\u00fasica regional mexicana &#8220;Yahritza y su esencia,&#8221; se vio involucrada en una controversia junto a sus hermanos debido a sus opiniones negativas sobre la cultura culinaria de M\u00e9xico y la regi\u00f3n en general en una entrevista realizada hace un a\u00f1o. Ahora, la joven cantante vuelve &hellip;<\/p>\n<p class=\"read-more\"> <a class=\"\" href=\"https:\/\/lanortenita917.com.mx\/index.php\/2023\/10\/20\/yahritza-al-ritmo-de-la-banda-y-compartiendo-un-momento-especial-con-una-fan\/\"> <span class=\"screen-reader-text\">Yahritza, al ritmo de la banda y compartiendo un momento especial con una fan<\/span> Leer m\u00e1s &raquo;<\/a><\/p>\n","protected":false},"author":7,"featured_media":88861,"comment_status":"closed","ping_status":"closed","sticky":false,"template":"","format":"standard","meta":{"site-sidebar-layout":"default","site-content-layout":"","ast-site-content-layout":"default","site-content-style":"default","site-sidebar-style":"default","ast-global-header-display":"","ast-banner-title-visibility":"","ast-main-header-display":"","ast-hfb-above-header-display":"","ast-hfb-below-header-display":"","ast-hfb-mobile-header-display":"","site-post-title":"","ast-breadcrumbs-content":"","ast-featured-img":"","footer-sml-layout":"","theme-transparent-header-meta":"","adv-header-id-meta":"","stick-header-meta":"","header-above-stick-meta":"","header-main-stick-meta":"","header-below-stick-meta":"","astra-migrate-meta-layouts":"set","footnotes":""},"categories":[8,10,12,11],"tags":[],"class_list":["post-88849","post","type-post","status-publish","format-standard","has-post-thumbnail","hentry","category-espectaculos","category-notaslanortenita","category-notasmagiadigital","category-ocio"],"_links":{"self":[{"href":"https:\/\/lanortenita917.com.mx\/index.php\/wp-json\/wp\/v2\/posts\/88849","targetHints":{"allow":["GET"]}}],"collection":[{"href":"https:\/\/lanortenita917.com.mx\/index.php\/wp-json\/wp\/v2\/posts"}],"about":[{"href":"https:\/\/lanortenita917.com.mx\/index.php\/wp-json\/wp\/v2\/types\/post"}],"author":[{"embeddable":true,"href":"https:\/\/lanortenita917.com.mx\/index.php\/wp-json\/wp\/v2\/users\/7"}],"replies":[{"embeddable":true,"href":"https:\/\/lanortenita917.com.mx\/index.php\/wp-json\/wp\/v2\/comments?post=88849"}],"version-history":[{"count":1,"href":"https:\/\/lanortenita917.com.mx\/index.php\/wp-json\/wp\/v2\/posts\/88849\/revisions"}],"predecessor-version":[{"id":88860,"href":"https:\/\/lanortenita917.com.mx\/index.php\/wp-json\/wp\/v2\/posts\/88849\/revisions\/88860"}],"wp:featuredmedia":[{"embeddable":true,"href":"https:\/\/lanortenita917.com.mx\/index.php\/wp-json\/wp\/v2\/media\/88861"}],"wp:attachment":[{"href":"https:\/\/lanortenita917.com.mx\/index.php\/wp-json\/wp\/v2\/media?parent=88849"}],"wp:term":[{"taxonomy":"category","embeddable":true,"href":"https:\/\/lanortenita917.com.mx\/index.php\/wp-json\/wp\/v2\/categories?post=88849"},{"taxonomy":"post_tag","embeddable":true,"href":"https:\/\/lanortenita917.com.mx\/index.php\/wp-json\/wp\/v2\/tags?post=88849"}],"curies":[{"name":"wp","href":"https:\/\/api.w.org\/{rel}","templated":true}]}}