{"id":877,"date":"2023-04-03T16:49:14","date_gmt":"2023-04-03T16:49:14","guid":{"rendered":"https:\/\/lanortenita917.com.mx\/?p=877"},"modified":"2023-04-03T16:49:15","modified_gmt":"2023-04-03T16:49:15","slug":"un-libro-inmortalizara-vida-y-obra-de-compositor-mexicano-armando-manzanero","status":"publish","type":"post","link":"https:\/\/lanortenita917.com.mx\/index.php\/2023\/04\/03\/un-libro-inmortalizara-vida-y-obra-de-compositor-mexicano-armando-manzanero\/","title":{"rendered":"Un libro inmortalizar\u00e1 vida y obra de compositor mexicano Armando Manzanero."},"content":{"rendered":"\n<p>Tendr\u00e1 im\u00e1genes de su carrera y textos sobre su vida de importantes historiadores mexicanos.\u00a0<\/p>\n\n\n\n<p id=\"p747751-m870-869-871\">El compositor, actor, arreglista, productor y cantante mexicano Armando Manzanero que muri\u00f3 el 28 de diciembre de 2020, ser\u00e1 inmortalizado en un libro-homenaje sobre su vida artistica que incluir\u00e1 las im\u00e1genes m\u00e1s importantes de sus\u00a0<strong>73 a\u00f1os de trayectoria.<\/strong><\/p>\n\n\n\n<p id=\"p747751-m914-2-915\">Laura Elena Villa, viuda del compositor, revel\u00f3 que est\u00e1n preparando el libro sobre el autor que ser\u00e1 como un homenaje con fotos de los momentos m\u00e1s importantes en\u00a0 su vida art\u00edstica.<\/p>\n\n\n\n<figure class=\"wp-block-image size-large\"><img loading=\"lazy\" decoding=\"async\" width=\"1024\" height=\"640\" src=\"https:\/\/lanortenita917.com.mx\/wp-content\/uploads\/2023\/04\/image-1024x640.png\" alt=\"\" class=\"wp-image-878\" srcset=\"https:\/\/lanortenita917.com.mx\/wp-content\/uploads\/2023\/04\/image-1024x640.png 1024w, https:\/\/lanortenita917.com.mx\/wp-content\/uploads\/2023\/04\/image-300x188.png 300w, https:\/\/lanortenita917.com.mx\/wp-content\/uploads\/2023\/04\/image-768x480.png 768w, https:\/\/lanortenita917.com.mx\/wp-content\/uploads\/2023\/04\/image-1536x960.png 1536w, https:\/\/lanortenita917.com.mx\/wp-content\/uploads\/2023\/04\/image-2048x1280.png 2048w\" sizes=\"auto, (max-width: 1024px) 100vw, 1024px\" \/><\/figure>\n\n\n\n<p id=\"p747751-m914-2-915\"><br><br>Entre estos momentos est\u00e1n la ceremonia del Grammy por trayectoria art\u00edstica, que le fue otorgado en 2014, y el Premio Billboard de la m\u00fasica latina a la trayectoria art\u00edstica que recibi\u00f3 en 2020.\u00a0<strong>\u201cGente importante de las letras lleg\u00f3 a la casa para hablar de situaciones tan bonitas en la vida de Armando\u201d,<\/strong>\u00a0asegur\u00f3 Laura, quien a\u00fan no se repone de la partida del maestro Manzanero, que muri\u00f3 por covid-19 en diciembre de 2020.<br><br>A su vez, Martha Manzanero Arjona, una de las hijas del autor de &#8216;Adoro&#8217; y &#8216;Contigo aprend\u00ed, le cont\u00f3 a EFE que se siente agradecida con el editor, escritor, fot\u00f3grafo e investigador Alberto Toval\u00edn. \u201cAl mes del fallecimiento de mi padre manifest\u00f3 su inter\u00e9s por hacer el libro. Dijo que su vida era fascinante y desde entonces no ha parado con el proyecto\u201d, agreg\u00f3.<br><br>Martha, quien junto con Armando, Mar\u00eda Elena y Diego son los hijos del matrimonio entre Manzanero y Mar\u00eda Elena Arjona Torres, admiti\u00f3 que a\u00fan no ha le\u00eddo el texto, \u201c<strong>s\u00f3lo s\u00e9 de las fotos porque el material gr\u00e1fico es m\u00edo (de su propiedad), aunque creo que incluir\u00e1n otras im\u00e1genes<\/strong>\u201d.<br><br>Por su parte, Loreto Villanueva Trujillo, secretaria de la Cultura y las Artes de Yucat\u00e1n (Sedeculta), inform\u00f3 que el libro \u201cse encuentra en la etapa final de revisi\u00f3n y verificaci\u00f3n de datos\u201d para que despu\u00e9s se imprima.<\/p>\n\n\n\n<p id=\"p747751-m920-3-921\"><br><br>El editor del libro &#8216;Armando Manzanero&#8217;, Alberto Toval\u00edn Ahumada, dijo que el proyecto se le plante\u00f3 al compositor en 2020 cuando estaban armando el Museo Casa<br>Manzanero en M\u00e9rida. \u201cLe interes\u00f3 porque no existe un libro sobre su trayectoria de m\u00e1s de cinco d\u00e9cadas de trabajo constante, pero lamentablemente falleci\u00f3 y no pudimos reunirnos\u201d, a\u00f1adi\u00f3.<br><br>Sin embargo, decidi\u00f3 continuar con el proyecto y empez\u00f3 a buscar patrocinios y la primera que lo apoy\u00f3 fue la Secretar\u00eda de Cultura Federal, a cargo de Alejandra Frausto Guerrero, y despu\u00e9s el Gobierno de Yucat\u00e1n y empresarios.<br><br>El libro saldr\u00e1 a finales de abril y tiene dos textos fundamentales:\u00a0<strong>uno de P\u00e1vel Granados, que es uno de los m\u00e1s grandes historiadores de la m\u00fasica en M\u00e9xico, y otro de Enrique Mart\u00edn Brice\u00f1o, destacado investigador musical de Yucat\u00e1n<\/strong>. \u201cDesde ah\u00ed tenemos cimientos fundamentales para el libro\u201d, indic\u00f3 el editor, que vive en la Ciudad de M\u00e9xico, pero desde hace 15 a\u00f1os visita Yucat\u00e1n, donde mantiene lazos con investigadores y fot\u00f3grafos locales.<br><br>Toval\u00edn Ahumada, egresado de la Escuela Nacional de Antropolog\u00eda e Historia, asegur\u00f3 que el libro de Manzanero \u201cfue todo un reto y se logr\u00f3 gracias a la familia del compositor mexicano. Incluye opiniones de Manzanero sobre pol\u00edtica y arte, as\u00ed como expresiones de Monsiv\u00e1is, fotos de su casa y una imagen impresionante donde el compositor est\u00e1 junto a Yoko Ono y Ringo Star de The Beatles\u201d, precis\u00f3.<br><br>Con la presentaci\u00f3n del libro se organizar\u00e1n mesas redondas sobre la obra<br>Manzanero, quien tambi\u00e9n fue un f\u00e9rreo defensor de los derechos de autor.<\/p>\n\n\n\n<figure class=\"wp-block-image size-full\"><img loading=\"lazy\" decoding=\"async\" width=\"800\" height=\"999\" src=\"https:\/\/lanortenita917.com.mx\/wp-content\/uploads\/2023\/04\/image-1.png\" alt=\"\" class=\"wp-image-879\" srcset=\"https:\/\/lanortenita917.com.mx\/wp-content\/uploads\/2023\/04\/image-1.png 800w, https:\/\/lanortenita917.com.mx\/wp-content\/uploads\/2023\/04\/image-1-240x300.png 240w, https:\/\/lanortenita917.com.mx\/wp-content\/uploads\/2023\/04\/image-1-768x959.png 768w\" sizes=\"auto, (max-width: 800px) 100vw, 800px\" \/><\/figure>\n","protected":false},"excerpt":{"rendered":"<p>Tendr\u00e1 im\u00e1genes de su carrera y textos sobre su vida de importantes historiadores mexicanos.\u00a0 El compositor, actor, arreglista, productor y cantante mexicano Armando Manzanero que muri\u00f3 el 28 de diciembre de 2020, ser\u00e1 inmortalizado en un libro-homenaje sobre su vida artistica que incluir\u00e1 las im\u00e1genes m\u00e1s importantes de sus\u00a073 a\u00f1os de trayectoria. Laura Elena Villa, &hellip;<\/p>\n<p class=\"read-more\"> <a class=\"\" href=\"https:\/\/lanortenita917.com.mx\/index.php\/2023\/04\/03\/un-libro-inmortalizara-vida-y-obra-de-compositor-mexicano-armando-manzanero\/\"> <span class=\"screen-reader-text\">Un libro inmortalizar\u00e1 vida y obra de compositor mexicano Armando Manzanero.<\/span> Leer m\u00e1s &raquo;<\/a><\/p>\n","protected":false},"author":1,"featured_media":0,"comment_status":"closed","ping_status":"closed","sticky":false,"template":"","format":"standard","meta":{"site-sidebar-layout":"default","site-content-layout":"","ast-site-content-layout":"","site-content-style":"default","site-sidebar-style":"default","ast-global-header-display":"","ast-banner-title-visibility":"","ast-main-header-display":"","ast-hfb-above-header-display":"","ast-hfb-below-header-display":"","ast-hfb-mobile-header-display":"","site-post-title":"","ast-breadcrumbs-content":"","ast-featured-img":"","footer-sml-layout":"","theme-transparent-header-meta":"","adv-header-id-meta":"","stick-header-meta":"","header-above-stick-meta":"","header-main-stick-meta":"","header-below-stick-meta":"","astra-migrate-meta-layouts":"","footnotes":""},"categories":[8],"tags":[],"class_list":["post-877","post","type-post","status-publish","format-standard","hentry","category-espectaculos"],"_links":{"self":[{"href":"https:\/\/lanortenita917.com.mx\/index.php\/wp-json\/wp\/v2\/posts\/877","targetHints":{"allow":["GET"]}}],"collection":[{"href":"https:\/\/lanortenita917.com.mx\/index.php\/wp-json\/wp\/v2\/posts"}],"about":[{"href":"https:\/\/lanortenita917.com.mx\/index.php\/wp-json\/wp\/v2\/types\/post"}],"author":[{"embeddable":true,"href":"https:\/\/lanortenita917.com.mx\/index.php\/wp-json\/wp\/v2\/users\/1"}],"replies":[{"embeddable":true,"href":"https:\/\/lanortenita917.com.mx\/index.php\/wp-json\/wp\/v2\/comments?post=877"}],"version-history":[{"count":1,"href":"https:\/\/lanortenita917.com.mx\/index.php\/wp-json\/wp\/v2\/posts\/877\/revisions"}],"predecessor-version":[{"id":880,"href":"https:\/\/lanortenita917.com.mx\/index.php\/wp-json\/wp\/v2\/posts\/877\/revisions\/880"}],"wp:attachment":[{"href":"https:\/\/lanortenita917.com.mx\/index.php\/wp-json\/wp\/v2\/media?parent=877"}],"wp:term":[{"taxonomy":"category","embeddable":true,"href":"https:\/\/lanortenita917.com.mx\/index.php\/wp-json\/wp\/v2\/categories?post=877"},{"taxonomy":"post_tag","embeddable":true,"href":"https:\/\/lanortenita917.com.mx\/index.php\/wp-json\/wp\/v2\/tags?post=877"}],"curies":[{"name":"wp","href":"https:\/\/api.w.org\/{rel}","templated":true}]}}