{"id":867,"date":"2023-03-30T16:23:13","date_gmt":"2023-03-30T16:23:13","guid":{"rendered":"https:\/\/lanortenita917.com.mx\/?p=867"},"modified":"2023-03-30T16:23:15","modified_gmt":"2023-03-30T16:23:15","slug":"grupo-pesado-hara-su-debut-en-el-vive-latino","status":"publish","type":"post","link":"https:\/\/lanortenita917.com.mx\/index.php\/2023\/03\/30\/grupo-pesado-hara-su-debut-en-el-vive-latino\/","title":{"rendered":"Grupo Pesado har\u00e1 su debut en el Vive Latino"},"content":{"rendered":"\n<h3 class=\"has-medium-font-size wp-block-heading\">El festival de m\u00fasica y arte iberoamericano recibe el por primera vez este domingo a la agrupaci\u00f3n de m\u00fasica norte\u00f1a.<\/h3>\n\n\n\n<p><\/p>\n\n\n\n<p><img decoding=\"async\" src=\"https:\/\/www.elsoldemexico.com.mx\/gossip\/gzwwmv-pesado.jpg\/alternates\/LANDSCAPE_768\/Pesado.jpg\" alt=\"\"><\/p>\n\n\n\n<h4 class=\"wp-block-heading\">Grupo Pesado.<a rel=\"noreferrer noopener\" href=\"https:\/\/www.elsoldemexico.com.mx\/gossip\/grupo-pesado-hara-su-debut-en-el-vive-latino-9777785.html\" target=\"_blank\"><\/a><\/h4>\n\n\n\n<p>Para celebrar 30 a\u00f1os de carrera\u00a0<strong>Grupo Pesado<\/strong>\u00a0prepara un\u00a0<strong>\u00e1lbum doble<\/strong>\u00a0con sus \u00e9xitos en la\u00a0<strong>m\u00fasica norte\u00f1a\u00a0<\/strong>en sonido orquestal, para el que esperan invitar a la<strong>\u00a0rockera Alejandra Guzm\u00e1n\u00a0<\/strong>a grabar a dueto el tema Ojal\u00e1 que te mueras y lograr tambi\u00e9n que\u00a0<strong>Miguel Bos\u00e9\u00a0<\/strong>participe en el proyecto, informa Beto Zapata, vocalista y acordeonista del grupo, quien destac\u00f3 que har\u00e1n su debut en la 23 edici\u00f3n del\u00a0<strong>Festival de\u00a0<\/strong>Vive latino, el pr\u00f3ximo domingo.<\/p>\n\n\n\n<p>En<strong>\u00a0conferencia virtual<\/strong>, Zapata reiter\u00f3 que su inclusi\u00f3n en dicho festival iberoamericano en donde convergen<strong>\u00a0artistas<\/strong>\u00a0de diversos\u00a0<strong>g\u00e9neros musicales<\/strong>\u00a0es otro \u00e9xito para el grupo, que tiene relaci\u00f3n con el\u00a0<strong>rock<\/strong>, pues han grabado con el cantante argentino Vicentico y el\u00a0<strong>grupo mexicano Kinky.<\/strong><\/p>\n\n\n\n<p>\u201cAgradecidos porque nos eligieron para exhibir nuestra m\u00fasica en un<strong>&nbsp;festival&nbsp;<\/strong>de tal magnitud. Es muy importante para nosotros, pues somos un grupo norte\u00f1o y otros artistas son de otros g\u00e9neros musicales que no est\u00e1n divorciados del nuestro.<\/p>\n\n\n\n<p>\u201cEn relaci\u00f3n al p\u00fablico, para nosotros tambi\u00e9n tiene su importancia porque son audiencia enfocada al&nbsp;<strong>rock&nbsp;<\/strong>y sus variantes y escuchan poco norte\u00f1o, por lo que el&nbsp;<strong>Vive Latino<\/strong>&nbsp;nos representa un excelente aparador para estar presentes y que la<strong>&nbsp;m\u00fasica rock&nbsp;<\/strong>sepa que estamos aqu\u00ed desde hace 30 a\u00f1os y seguimos cantando temas de amor, desamor corridos y de todo tipo de<strong>&nbsp;canciones<\/strong>&nbsp;en el g\u00e9nero norte\u00f1o\u201d, afirm\u00f3 Zapata.<\/p>\n\n\n\n<figure class=\"wp-block-image\"><img decoding=\"async\" src=\"https:\/\/www.elsoldesanluis.com.mx\/incoming\/ry9nmg-grupo-pesado\/alternates\/FREE_720\/Grupo%20Pesado\" alt=\"\" title=\"Grupo Pesado\"\/><\/figure>\n\n\n\n<p>Confes\u00f3 que a\u00fan no saben si har\u00e1n un dueto improvisado en su participaci\u00f3n en escenario del&nbsp;<strong>Vive Latino<\/strong>, el d\u00eda 19, \u201cs\u00ed estar\u00eda muy padre, hacer una colaboraci\u00f3n con&nbsp;<strong>alg\u00fan solista<\/strong>&nbsp;o grupo. Sentimos mucha emoci\u00f3n porque el&nbsp;<strong>festival<\/strong>&nbsp;es diferente a lo que hacemos cada fin de semana con nuestra m\u00fasica norte\u00f1a.<\/p>\n\n\n\n<p>\u201cEl<strong>&nbsp;Vive Latino<\/strong>&nbsp;es un gran evento con una capacidad incre\u00edble de asistencia, por lo que nuestra participaci\u00f3n es un gran compromiso y esperamos que la audiencia core\u00e9 algunos temas de<strong>&nbsp;Pesado<\/strong>, es nuestro reto\u201d.<\/p>\n\n\n\n<p>Habl\u00f3 del mote \u201cagropecuario\u201d para el g\u00e9nero norte\u00f1o. \u201cSali\u00f3 cuando fuimos a cantar el<strong>\u00a0Himno Nacional<\/strong>\u00a0en un encuentro deportivo y lo dijo al aire una personalidad de los medios de comunicaci\u00f3n. Yo no lo o\u00ed directamente, me dijeron el comentario y pensaron que nos molestar\u00edamos, pero no.<\/p>\n\n\n\n<p>\u201cMe siento orgulloso y admirador de las ra\u00edces de la&nbsp;<strong>m\u00fasica norte\u00f1a<\/strong>. Mis inicios fueron saber de los fundadores, Los<strong>&nbsp;Alegres de Ter\u00e1n<\/strong>, sus comienzos fueron en 1948; Los Monta\u00f1eses del \u00c1lamo, Las Hermanas Huerta, Las Jilguerillas. El mote de \u2018m\u00fasica agropecuaria\u2019 no s\u00e9 con qu\u00e9 intenci\u00f3n se le dice a la&nbsp;<strong>m\u00fasica norte\u00f1a<\/strong>&nbsp;y no nos ofende. Quisi\u00e9ramos regresar al campo con sus valores, el respeto a los padres, a las personas, somos orgullosos de nuestras ra\u00edces musicales\u201d.<\/p>\n\n\n\n<p>De su actuaci\u00f3n en el&nbsp;<strong>Vive Latino<\/strong>, adelant\u00f3 que aparte de sus&nbsp;<strong>canciones<\/strong>&nbsp;con acorde\u00f3n, \u201cva un poco del mariachi, es lo que tambi\u00e9n hemos incluido en nuestras presentaciones como la banda\u201d. Interpretar\u00e1n temas como&nbsp;<em>Ojal\u00e1 que te mueras<\/em>,&nbsp;<em>Chillar a otra parte<\/em>,&nbsp;<em>Le cre\u00ed<\/em>,&nbsp;<em>Mi promesa<\/em>,&nbsp;<em>Loco<\/em>, y&nbsp;<em>Chiquilla cari\u00f1osa<\/em>.<\/p>\n","protected":false},"excerpt":{"rendered":"<p>El festival de m\u00fasica y arte iberoamericano recibe el por primera vez este domingo a la agrupaci\u00f3n de m\u00fasica norte\u00f1a. Grupo Pesado. Para celebrar 30 a\u00f1os de carrera\u00a0Grupo Pesado\u00a0prepara un\u00a0\u00e1lbum doble\u00a0con sus \u00e9xitos en la\u00a0m\u00fasica norte\u00f1a\u00a0en sonido orquestal, para el que esperan invitar a la\u00a0rockera Alejandra Guzm\u00e1n\u00a0a grabar a dueto el tema Ojal\u00e1 que te &hellip;<\/p>\n<p class=\"read-more\"> <a class=\"\" href=\"https:\/\/lanortenita917.com.mx\/index.php\/2023\/03\/30\/grupo-pesado-hara-su-debut-en-el-vive-latino\/\"> <span class=\"screen-reader-text\">Grupo Pesado har\u00e1 su debut en el Vive Latino<\/span> Leer m\u00e1s &raquo;<\/a><\/p>\n","protected":false},"author":1,"featured_media":0,"comment_status":"closed","ping_status":"closed","sticky":false,"template":"","format":"standard","meta":{"site-sidebar-layout":"default","site-content-layout":"","ast-site-content-layout":"","site-content-style":"default","site-sidebar-style":"default","ast-global-header-display":"","ast-banner-title-visibility":"","ast-main-header-display":"","ast-hfb-above-header-display":"","ast-hfb-below-header-display":"","ast-hfb-mobile-header-display":"","site-post-title":"","ast-breadcrumbs-content":"","ast-featured-img":"","footer-sml-layout":"","theme-transparent-header-meta":"","adv-header-id-meta":"","stick-header-meta":"","header-above-stick-meta":"","header-main-stick-meta":"","header-below-stick-meta":"","astra-migrate-meta-layouts":"","footnotes":""},"categories":[8],"tags":[],"class_list":["post-867","post","type-post","status-publish","format-standard","hentry","category-espectaculos"],"_links":{"self":[{"href":"https:\/\/lanortenita917.com.mx\/index.php\/wp-json\/wp\/v2\/posts\/867","targetHints":{"allow":["GET"]}}],"collection":[{"href":"https:\/\/lanortenita917.com.mx\/index.php\/wp-json\/wp\/v2\/posts"}],"about":[{"href":"https:\/\/lanortenita917.com.mx\/index.php\/wp-json\/wp\/v2\/types\/post"}],"author":[{"embeddable":true,"href":"https:\/\/lanortenita917.com.mx\/index.php\/wp-json\/wp\/v2\/users\/1"}],"replies":[{"embeddable":true,"href":"https:\/\/lanortenita917.com.mx\/index.php\/wp-json\/wp\/v2\/comments?post=867"}],"version-history":[{"count":1,"href":"https:\/\/lanortenita917.com.mx\/index.php\/wp-json\/wp\/v2\/posts\/867\/revisions"}],"predecessor-version":[{"id":868,"href":"https:\/\/lanortenita917.com.mx\/index.php\/wp-json\/wp\/v2\/posts\/867\/revisions\/868"}],"wp:attachment":[{"href":"https:\/\/lanortenita917.com.mx\/index.php\/wp-json\/wp\/v2\/media?parent=867"}],"wp:term":[{"taxonomy":"category","embeddable":true,"href":"https:\/\/lanortenita917.com.mx\/index.php\/wp-json\/wp\/v2\/categories?post=867"},{"taxonomy":"post_tag","embeddable":true,"href":"https:\/\/lanortenita917.com.mx\/index.php\/wp-json\/wp\/v2\/tags?post=867"}],"curies":[{"name":"wp","href":"https:\/\/api.w.org\/{rel}","templated":true}]}}