{"id":86046,"date":"2023-10-05T20:48:13","date_gmt":"2023-10-05T20:48:13","guid":{"rendered":"https:\/\/enblancoynegro.com.mx\/?p=86046"},"modified":"2023-10-05T20:48:16","modified_gmt":"2023-10-05T20:48:16","slug":"alejandro-fernandez-da-concierto-en-estado-inconveniente-y-el-publico-abandona-el-evento","status":"publish","type":"post","link":"https:\/\/lanortenita917.com.mx\/index.php\/2023\/10\/05\/alejandro-fernandez-da-concierto-en-estado-inconveniente-y-el-publico-abandona-el-evento\/","title":{"rendered":"Alejandro Fern\u00e1ndez da Concierto en Estado Inconveniente y el P\u00fablico Abandona el Evento"},"content":{"rendered":"\n<p>Alejandro Fern\u00e1ndez recientemente se present\u00f3 en un evento privado en la Arena Ciudad de M\u00e9xico, pero el p\u00fablico que asisti\u00f3 al concierto qued\u00f3 decepcionado al notar que el cantante estaba visiblemente afectado por su estado.<\/p>\n\n\n\n<p>En un video publicado por el programa &#8220;De primera mano&#8221;, se puede ver a Alejandro Fern\u00e1ndez en el escenario con un comportamiento que indicaba un estado inconveniente, con dificultades para hablar y momentos en los que parec\u00eda adormilado. Adem\u00e1s, el concierto comenz\u00f3 40 minutos despu\u00e9s de la hora anunciada.<\/p>\n\n\n\n<p>La conductora Addis Tu\u00f1\u00f3n coment\u00f3 que la actitud de Alejandro Fern\u00e1ndez no ten\u00eda justificaci\u00f3n y que el p\u00fablico que pag\u00f3 por verlo merec\u00eda un espect\u00e1culo de mayor calidad. Tambi\u00e9n, el periodista Gustavo Adolfo Infante opin\u00f3 que, a pesar de ser un destacado representante de la m\u00fasica regional mexicana, no estaba bien que se presentara en ese estado.<\/p>\n\n\n\n<figure class=\"wp-block-image size-full\"><img decoding=\"async\" src=\"https:\/\/enblancoynegro.com.mx\/wp-content\/uploads\/2023\/10\/alejferp.png\" alt=\"\" class=\"wp-image-86048\"\/><\/figure>\n\n\n\n<p>Durante el concierto, se escuchaban comentarios del p\u00fablico que notaba el estado de Alejandro Fern\u00e1ndez, como cuando dec\u00edan que &#8220;se qued\u00f3 dormido&#8221;. Algunos asistentes optaron por abandonar el evento debido a la decepcionante actuaci\u00f3n del cantante.<\/p>\n\n\n\n<p>En el video se puede ver que, hacia el final del concierto, hab\u00eda muchos asientos vac\u00edos en la Arena Ciudad de M\u00e9xico, lo que sugiere que una parte significativa del p\u00fablico decidi\u00f3 salir antes de que terminara el espect\u00e1culo debido al estado de Alejandro Fern\u00e1ndez y a la calidad del show.<\/p>\n\n\n\n<p>Este incidente ha generado cr\u00edticas y descontento entre los fans y seguidores del cantante, quienes esperaban una experiencia musical mucho mejor.<\/p>\n","protected":false},"excerpt":{"rendered":"<p>Alejandro Fern\u00e1ndez recientemente se present\u00f3 en un evento privado en la Arena Ciudad de M\u00e9xico, pero el p\u00fablico que asisti\u00f3 al concierto qued\u00f3 decepcionado al notar que el cantante estaba visiblemente afectado por su estado. En un video publicado por el programa &#8220;De primera mano&#8221;, se puede ver a Alejandro Fern\u00e1ndez en el escenario con &hellip;<\/p>\n<p class=\"read-more\"> <a class=\"\" href=\"https:\/\/lanortenita917.com.mx\/index.php\/2023\/10\/05\/alejandro-fernandez-da-concierto-en-estado-inconveniente-y-el-publico-abandona-el-evento\/\"> <span class=\"screen-reader-text\">Alejandro Fern\u00e1ndez da Concierto en Estado Inconveniente y el P\u00fablico Abandona el Evento<\/span> Leer m\u00e1s &raquo;<\/a><\/p>\n","protected":false},"author":7,"featured_media":86078,"comment_status":"closed","ping_status":"closed","sticky":false,"template":"","format":"standard","meta":{"site-sidebar-layout":"default","site-content-layout":"","ast-site-content-layout":"default","site-content-style":"default","site-sidebar-style":"default","ast-global-header-display":"","ast-banner-title-visibility":"","ast-main-header-display":"","ast-hfb-above-header-display":"","ast-hfb-below-header-display":"","ast-hfb-mobile-header-display":"","site-post-title":"","ast-breadcrumbs-content":"","ast-featured-img":"","footer-sml-layout":"","theme-transparent-header-meta":"","adv-header-id-meta":"","stick-header-meta":"","header-above-stick-meta":"","header-main-stick-meta":"","header-below-stick-meta":"","astra-migrate-meta-layouts":"set","footnotes":""},"categories":[8,10,12,11],"tags":[],"class_list":["post-86046","post","type-post","status-publish","format-standard","has-post-thumbnail","hentry","category-espectaculos","category-notaslanortenita","category-notasmagiadigital","category-ocio"],"_links":{"self":[{"href":"https:\/\/lanortenita917.com.mx\/index.php\/wp-json\/wp\/v2\/posts\/86046","targetHints":{"allow":["GET"]}}],"collection":[{"href":"https:\/\/lanortenita917.com.mx\/index.php\/wp-json\/wp\/v2\/posts"}],"about":[{"href":"https:\/\/lanortenita917.com.mx\/index.php\/wp-json\/wp\/v2\/types\/post"}],"author":[{"embeddable":true,"href":"https:\/\/lanortenita917.com.mx\/index.php\/wp-json\/wp\/v2\/users\/7"}],"replies":[{"embeddable":true,"href":"https:\/\/lanortenita917.com.mx\/index.php\/wp-json\/wp\/v2\/comments?post=86046"}],"version-history":[{"count":1,"href":"https:\/\/lanortenita917.com.mx\/index.php\/wp-json\/wp\/v2\/posts\/86046\/revisions"}],"predecessor-version":[{"id":86077,"href":"https:\/\/lanortenita917.com.mx\/index.php\/wp-json\/wp\/v2\/posts\/86046\/revisions\/86077"}],"wp:featuredmedia":[{"embeddable":true,"href":"https:\/\/lanortenita917.com.mx\/index.php\/wp-json\/wp\/v2\/media\/86078"}],"wp:attachment":[{"href":"https:\/\/lanortenita917.com.mx\/index.php\/wp-json\/wp\/v2\/media?parent=86046"}],"wp:term":[{"taxonomy":"category","embeddable":true,"href":"https:\/\/lanortenita917.com.mx\/index.php\/wp-json\/wp\/v2\/categories?post=86046"},{"taxonomy":"post_tag","embeddable":true,"href":"https:\/\/lanortenita917.com.mx\/index.php\/wp-json\/wp\/v2\/tags?post=86046"}],"curies":[{"name":"wp","href":"https:\/\/api.w.org\/{rel}","templated":true}]}}