{"id":83637,"date":"2023-09-22T19:37:54","date_gmt":"2023-09-22T19:37:54","guid":{"rendered":"https:\/\/enblancoynegro.com.mx\/?p=83637"},"modified":"2023-09-22T19:37:55","modified_gmt":"2023-09-22T19:37:55","slug":"alejandro-fernandez-enamora-a-karla-laveaga-en-su-cumpleanos-con-una-romantica-declaracion","status":"publish","type":"post","link":"https:\/\/lanortenita917.com.mx\/index.php\/2023\/09\/22\/alejandro-fernandez-enamora-a-karla-laveaga-en-su-cumpleanos-con-una-romantica-declaracion\/","title":{"rendered":"Alejandro Fern\u00e1ndez Enamora a Karla Laveaga en su Cumplea\u00f1os con una Rom\u00e1ntica Declaraci\u00f3n"},"content":{"rendered":"\n<p>El famoso cantante conocido como &#8220;El Potrillo&#8221;, Alejandro Fern\u00e1ndez, demostr\u00f3 p\u00fablicamente su profundo amor por su novia, Karla Laveaga, en un emotivo gesto durante su cumplea\u00f1os n\u00famero 32, celebrado el pasado 20 de septiembre.<\/p>\n\n\n\n<p>El cantante comparti\u00f3 varias im\u00e1genes en las que aparec\u00eda disfrutando de unas recientes vacaciones en Asia en compa\u00f1\u00eda de su amada, y aprovech\u00f3 esta ocasi\u00f3n especial para expresar sus sentimientos hacia ella.<\/p>\n\n\n\n<p>A pesar de que la pareja siempre ha mantenido una relaci\u00f3n privada pero no secreta, en los \u00faltimos tiempos han compartido m\u00e1s momentos juntos en sus redes sociales, permitiendo a sus seguidores ser testigos de su felicidad.<\/p>\n\n\n\n<p>En la publicaci\u00f3n, Alejandro Fern\u00e1ndez escribi\u00f3: &#8220;Que los d\u00edas, la m\u00fasica y la vida nunca nos alcancen. Feliz cumplea\u00f1os @karlaveaga. Te amo vieja chula.&#8221; Estas palabras reflejaron el profundo cari\u00f1o que siente por su pareja, con quien celebr\u00f3 12 a\u00f1os de relaci\u00f3n en octubre de 2022.<\/p>\n\n\n\n<figure class=\"wp-block-image size-full\"><img decoding=\"async\" src=\"https:\/\/enblancoynegro.com.mx\/wp-content\/uploads\/2023\/09\/alej02.png\" alt=\"\" class=\"wp-image-83639\"\/><\/figure>\n\n\n\n<p>La historia de amor entre Alejandro Fern\u00e1ndez y Karla Laveaga comenz\u00f3 en 2012, aunque en 2019 tuvieron un breve receso en su relaci\u00f3n, el cual lograron superar en el a\u00f1o siguiente. A pesar de las especulaciones y preguntas frecuentes sobre si planean casarse, parece que a\u00fan no tienen planes inmediatos de hacerlo.<\/p>\n\n\n\n<p>En su publicaci\u00f3n, Alejandro comparti\u00f3 principalmente fotos en las que aparece junto a Karla, pero tambi\u00e9n incluy\u00f3 una imagen en la que ambos posan junto a &#8220;Do\u00f1a Cuquita&#8221;, quien es parte importante de sus vidas.<\/p>\n\n\n\n<p>Mientras tanto, Alejandro Fern\u00e1ndez, &#8220;El Potrillo&#8221;, de 51 a\u00f1os, sigue triunfando en su gira por Estados Unidos titulada &#8220;Amor y Patria&#8221;, la cual concluir\u00e1 en octubre. Mientras \u00e9l contin\u00faa cosechando \u00e9xitos en el escenario, Karla Laveaga se dedica felizmente a sus propios negocios, como &#8220;Dipia Bridal&#8221;, un servicio relacionado con novias que maneja en colaboraci\u00f3n con una socia.<\/p>\n","protected":false},"excerpt":{"rendered":"<p>El famoso cantante conocido como &#8220;El Potrillo&#8221;, Alejandro Fern\u00e1ndez, demostr\u00f3 p\u00fablicamente su profundo amor por su novia, Karla Laveaga, en un emotivo gesto durante su cumplea\u00f1os n\u00famero 32, celebrado el pasado 20 de septiembre. El cantante comparti\u00f3 varias im\u00e1genes en las que aparec\u00eda disfrutando de unas recientes vacaciones en Asia en compa\u00f1\u00eda de su amada, &hellip;<\/p>\n<p class=\"read-more\"> <a class=\"\" href=\"https:\/\/lanortenita917.com.mx\/index.php\/2023\/09\/22\/alejandro-fernandez-enamora-a-karla-laveaga-en-su-cumpleanos-con-una-romantica-declaracion\/\"> <span class=\"screen-reader-text\">Alejandro Fern\u00e1ndez Enamora a Karla Laveaga en su Cumplea\u00f1os con una Rom\u00e1ntica Declaraci\u00f3n<\/span> Leer m\u00e1s &raquo;<\/a><\/p>\n","protected":false},"author":7,"featured_media":83643,"comment_status":"closed","ping_status":"closed","sticky":false,"template":"","format":"standard","meta":{"site-sidebar-layout":"default","site-content-layout":"","ast-site-content-layout":"default","site-content-style":"default","site-sidebar-style":"default","ast-global-header-display":"","ast-banner-title-visibility":"","ast-main-header-display":"","ast-hfb-above-header-display":"","ast-hfb-below-header-display":"","ast-hfb-mobile-header-display":"","site-post-title":"","ast-breadcrumbs-content":"","ast-featured-img":"","footer-sml-layout":"","theme-transparent-header-meta":"","adv-header-id-meta":"","stick-header-meta":"","header-above-stick-meta":"","header-main-stick-meta":"","header-below-stick-meta":"","astra-migrate-meta-layouts":"set","footnotes":""},"categories":[8,10,12,11],"tags":[],"class_list":["post-83637","post","type-post","status-publish","format-standard","has-post-thumbnail","hentry","category-espectaculos","category-notaslanortenita","category-notasmagiadigital","category-ocio"],"_links":{"self":[{"href":"https:\/\/lanortenita917.com.mx\/index.php\/wp-json\/wp\/v2\/posts\/83637","targetHints":{"allow":["GET"]}}],"collection":[{"href":"https:\/\/lanortenita917.com.mx\/index.php\/wp-json\/wp\/v2\/posts"}],"about":[{"href":"https:\/\/lanortenita917.com.mx\/index.php\/wp-json\/wp\/v2\/types\/post"}],"author":[{"embeddable":true,"href":"https:\/\/lanortenita917.com.mx\/index.php\/wp-json\/wp\/v2\/users\/7"}],"replies":[{"embeddable":true,"href":"https:\/\/lanortenita917.com.mx\/index.php\/wp-json\/wp\/v2\/comments?post=83637"}],"version-history":[{"count":1,"href":"https:\/\/lanortenita917.com.mx\/index.php\/wp-json\/wp\/v2\/posts\/83637\/revisions"}],"predecessor-version":[{"id":83638,"href":"https:\/\/lanortenita917.com.mx\/index.php\/wp-json\/wp\/v2\/posts\/83637\/revisions\/83638"}],"wp:featuredmedia":[{"embeddable":true,"href":"https:\/\/lanortenita917.com.mx\/index.php\/wp-json\/wp\/v2\/media\/83643"}],"wp:attachment":[{"href":"https:\/\/lanortenita917.com.mx\/index.php\/wp-json\/wp\/v2\/media?parent=83637"}],"wp:term":[{"taxonomy":"category","embeddable":true,"href":"https:\/\/lanortenita917.com.mx\/index.php\/wp-json\/wp\/v2\/categories?post=83637"},{"taxonomy":"post_tag","embeddable":true,"href":"https:\/\/lanortenita917.com.mx\/index.php\/wp-json\/wp\/v2\/tags?post=83637"}],"curies":[{"name":"wp","href":"https:\/\/api.w.org\/{rel}","templated":true}]}}