{"id":83633,"date":"2023-09-22T19:37:18","date_gmt":"2023-09-22T19:37:18","guid":{"rendered":"https:\/\/enblancoynegro.com.mx\/?p=83633"},"modified":"2023-09-22T19:37:19","modified_gmt":"2023-09-22T19:37:19","slug":"yaritza-y-sus-hermanos-retoman-el-tema-de-la-gastronomia-mexicana-y-aclaran-sus-comentarios-anteriores","status":"publish","type":"post","link":"https:\/\/lanortenita917.com.mx\/index.php\/2023\/09\/22\/yaritza-y-sus-hermanos-retoman-el-tema-de-la-gastronomia-mexicana-y-aclaran-sus-comentarios-anteriores\/","title":{"rendered":"Yaritza y sus hermanos retoman el tema de la gastronom\u00eda Mexicana y aclaran sus comentarios anteriores"},"content":{"rendered":"\n<p>Yahritza, &#8216;Mando&#8217; y Jairo han vuelto a expresar su opini\u00f3n sobre la rica gastronom\u00eda mexicana, despu\u00e9s de casi dos meses desde que sus declaraciones causaron revuelo durante una visita a la Ciudad de M\u00e9xico. Esta vez, los hermanos Mart\u00ednez compartieron su experiencia despu\u00e9s de probar aut\u00e9ntica comida mexicana en suelo azteca.<\/p>\n\n\n\n<p>En una reciente conversaci\u00f3n con el popular bloguero Gusgri, para su canal de YouTube &#8216;Doble G&#8217;, los j\u00f3venes m\u00fasicos abordaron la controversia que sus palabras hab\u00edan generado previamente acerca de los platillos mexicanos.<\/p>\n\n\n\n<p>El guitarrista, que es el \u00fanico de los tres hermanos nacido en Jiquilpan, Michoac\u00e1n, comparti\u00f3 que, antes de esa entrevista pol\u00e9mica, no hab\u00edan tenido la oportunidad de conocer mucho de M\u00e9xico y se hab\u00edan limitado a ordenar comida a trav\u00e9s de aplicaciones de entrega a domicilio. Sin embargo, despu\u00e9s de esa experiencia, tuvieron la oportunidad de visitar algunos restaurantes locales y disfrutar de la aut\u00e9ntica comida mexicana.<\/p>\n\n\n\n<p>&#8220;Despu\u00e9s de eso, fuimos con nuestra publicista a unos restaurantes y s\u00ed nos gust\u00f3&#8221;, admiti\u00f3 el guitarrista.<\/p>\n\n\n\n<p>Yahritza, de 16 a\u00f1os, tambi\u00e9n comparti\u00f3 su experiencia, mencionando que incluso tuvieron la oportunidad de disfrutar de unos deliciosos tacos de canasta en la salida del hotel.<\/p>\n\n\n\n<figure class=\"wp-block-image size-full\"><img decoding=\"async\" src=\"https:\/\/enblancoynegro.com.mx\/wp-content\/uploads\/2023\/09\/esencia02.png\" alt=\"\" class=\"wp-image-83635\"\/><\/figure>\n\n\n\n<p>Lo notable es que Jairo, a pesar de estar acostumbrado a la comida mexicana, sorprendi\u00f3 a todos al disfrutar especialmente de los tacos de canasta, que suelen llevar chicharr\u00f3n.<\/p>\n\n\n\n<p>En una conversaci\u00f3n anterior en su casa con Pepe Garza, la cantante hab\u00eda afirmado que ella y sus hermanos crecieron &#8220;siempre comiendo comida mexicana&#8221; debido a sus ra\u00edces humildes, recordando c\u00f3mo sus padres a veces luchaban para comprarles zapatos o comida, y a menudo no ten\u00edan suficiente para los frijoles.<\/p>\n\n\n\n<p>Por su parte, &#8216;Mando&#8217; hizo una aclaraci\u00f3n importante respecto a sus comentarios anteriores sobre la comida. Explic\u00f3 que en ese momento estaba en la Ciudad de M\u00e9xico y estaba en el proceso de obtener su VISA, lo que le hac\u00eda extra\u00f1ar especialmente la comida casera de su madre en Estados Unidos. Sus palabras anteriores se refer\u00edan a extra\u00f1ar la saz\u00f3n de su mam\u00e1, y no a preferir la comida de Washington en general.<\/p>\n\n\n\n<p>Aclar\u00f3 que, en su mente, se refer\u00eda a la comida casera que su mam\u00e1 preparaba y que tanto a\u00f1oraba, y no a la comida mexicana en general. Adem\u00e1s, se\u00f1al\u00f3 que, incluso en Washington, pod\u00eda encontrar lugares que ofrec\u00edan aut\u00e9ntica comida mexicana.<\/p>\n\n\n\n<p>Finalmente, los hermanos Mart\u00ednez mencionaron que tras la pol\u00e9mica, recibieron comentarios negativos y fueron objeto de &#8216;bullying&#8217; en l\u00ednea, lo que los afect\u00f3 emocionalmente. Sin embargo, est\u00e1n trabajando en superar esos momentos dif\u00edciles.<\/p>\n","protected":false},"excerpt":{"rendered":"<p>Yahritza, &#8216;Mando&#8217; y Jairo han vuelto a expresar su opini\u00f3n sobre la rica gastronom\u00eda mexicana, despu\u00e9s de casi dos meses desde que sus declaraciones causaron revuelo durante una visita a la Ciudad de M\u00e9xico. Esta vez, los hermanos Mart\u00ednez compartieron su experiencia despu\u00e9s de probar aut\u00e9ntica comida mexicana en suelo azteca. En una reciente conversaci\u00f3n &hellip;<\/p>\n<p class=\"read-more\"> <a class=\"\" href=\"https:\/\/lanortenita917.com.mx\/index.php\/2023\/09\/22\/yaritza-y-sus-hermanos-retoman-el-tema-de-la-gastronomia-mexicana-y-aclaran-sus-comentarios-anteriores\/\"> <span class=\"screen-reader-text\">Yaritza y sus hermanos retoman el tema de la gastronom\u00eda Mexicana y aclaran sus comentarios anteriores<\/span> Leer m\u00e1s &raquo;<\/a><\/p>\n","protected":false},"author":7,"featured_media":83642,"comment_status":"closed","ping_status":"closed","sticky":false,"template":"","format":"standard","meta":{"site-sidebar-layout":"default","site-content-layout":"","ast-site-content-layout":"default","site-content-style":"default","site-sidebar-style":"default","ast-global-header-display":"","ast-banner-title-visibility":"","ast-main-header-display":"","ast-hfb-above-header-display":"","ast-hfb-below-header-display":"","ast-hfb-mobile-header-display":"","site-post-title":"","ast-breadcrumbs-content":"","ast-featured-img":"","footer-sml-layout":"","theme-transparent-header-meta":"","adv-header-id-meta":"","stick-header-meta":"","header-above-stick-meta":"","header-main-stick-meta":"","header-below-stick-meta":"","astra-migrate-meta-layouts":"set","footnotes":""},"categories":[8,10,12,11],"tags":[],"class_list":["post-83633","post","type-post","status-publish","format-standard","has-post-thumbnail","hentry","category-espectaculos","category-notaslanortenita","category-notasmagiadigital","category-ocio"],"_links":{"self":[{"href":"https:\/\/lanortenita917.com.mx\/index.php\/wp-json\/wp\/v2\/posts\/83633","targetHints":{"allow":["GET"]}}],"collection":[{"href":"https:\/\/lanortenita917.com.mx\/index.php\/wp-json\/wp\/v2\/posts"}],"about":[{"href":"https:\/\/lanortenita917.com.mx\/index.php\/wp-json\/wp\/v2\/types\/post"}],"author":[{"embeddable":true,"href":"https:\/\/lanortenita917.com.mx\/index.php\/wp-json\/wp\/v2\/users\/7"}],"replies":[{"embeddable":true,"href":"https:\/\/lanortenita917.com.mx\/index.php\/wp-json\/wp\/v2\/comments?post=83633"}],"version-history":[{"count":1,"href":"https:\/\/lanortenita917.com.mx\/index.php\/wp-json\/wp\/v2\/posts\/83633\/revisions"}],"predecessor-version":[{"id":83639,"href":"https:\/\/lanortenita917.com.mx\/index.php\/wp-json\/wp\/v2\/posts\/83633\/revisions\/83639"}],"wp:featuredmedia":[{"embeddable":true,"href":"https:\/\/lanortenita917.com.mx\/index.php\/wp-json\/wp\/v2\/media\/83642"}],"wp:attachment":[{"href":"https:\/\/lanortenita917.com.mx\/index.php\/wp-json\/wp\/v2\/media?parent=83633"}],"wp:term":[{"taxonomy":"category","embeddable":true,"href":"https:\/\/lanortenita917.com.mx\/index.php\/wp-json\/wp\/v2\/categories?post=83633"},{"taxonomy":"post_tag","embeddable":true,"href":"https:\/\/lanortenita917.com.mx\/index.php\/wp-json\/wp\/v2\/tags?post=83633"}],"curies":[{"name":"wp","href":"https:\/\/api.w.org\/{rel}","templated":true}]}}