{"id":82890,"date":"2023-09-18T21:12:48","date_gmt":"2023-09-18T21:12:48","guid":{"rendered":"https:\/\/enblancoynegro.com.mx\/?p=82890"},"modified":"2023-09-18T21:12:49","modified_gmt":"2023-09-18T21:12:49","slug":"carin-leon-recibe-estrella-en-el-paseo-de-la-fama-las-vegas","status":"publish","type":"post","link":"https:\/\/lanortenita917.com.mx\/index.php\/2023\/09\/18\/carin-leon-recibe-estrella-en-el-paseo-de-la-fama-las-vegas\/","title":{"rendered":"Carin Le\u00f3n recibe estrella en el Paseo de la Fama Las Vegas"},"content":{"rendered":"\n<p>La inclusi\u00f3n de Carin Le\u00f3n en el Paseo de la Fama de Las Vegas es un gran honor y un reconocimiento a su destacada carrera en la m\u00fasica regional mexicana. Este logro lo coloca al lado de otras leyendas latinas de la m\u00fasica, lo que es un testimonio de su talento y \u00e9xito en la industria.<\/p>\n\n\n\n<p>La distinci\u00f3n de ser coronado como El Rey de las Fiestas Patrias de Las Vegas es un t\u00edtulo significativo y demuestra la importancia de Carin Le\u00f3n en la celebraci\u00f3n de la m\u00fasica y la cultura mexicana en Estados Unidos.<\/p>\n\n\n\n<figure class=\"wp-block-image size-full\"><img decoding=\"async\" src=\"https:\/\/enblancoynegro.com.mx\/wp-content\/uploads\/2023\/09\/carin2.png\" alt=\"\" class=\"wp-image-82892\"\/><\/figure>\n\n\n\n<p>Su agradecimiento a su familia, fans, equipo de trabajo y colaboradores refleja su humildad y reconocimiento a todas las personas que han contribuido a su \u00e9xito. Adem\u00e1s, su nominaci\u00f3n en los Premios Billboard 2023 en dos categor\u00edas es un testimonio adicional de su impacto en la m\u00fasica regional mexicana.<\/p>\n\n\n\n<p>Carin Le\u00f3n est\u00e1 viviendo un momento destacado en su carrera, y este reconocimiento en el Paseo de la Fama de Las Vegas es un hito que sin duda fortalecer\u00e1 su legado en la m\u00fasica regional mexicana. Le deseamos todo el \u00e9xito en sus futuros proyectos y logros.<\/p>\n","protected":false},"excerpt":{"rendered":"<p>La inclusi\u00f3n de Carin Le\u00f3n en el Paseo de la Fama de Las Vegas es un gran honor y un reconocimiento a su destacada carrera en la m\u00fasica regional mexicana. Este logro lo coloca al lado de otras leyendas latinas de la m\u00fasica, lo que es un testimonio de su talento y \u00e9xito en la &hellip;<\/p>\n<p class=\"read-more\"> <a class=\"\" href=\"https:\/\/lanortenita917.com.mx\/index.php\/2023\/09\/18\/carin-leon-recibe-estrella-en-el-paseo-de-la-fama-las-vegas\/\"> <span class=\"screen-reader-text\">Carin Le\u00f3n recibe estrella en el Paseo de la Fama Las Vegas<\/span> Leer m\u00e1s &raquo;<\/a><\/p>\n","protected":false},"author":7,"featured_media":82896,"comment_status":"closed","ping_status":"closed","sticky":false,"template":"","format":"standard","meta":{"site-sidebar-layout":"default","site-content-layout":"","ast-site-content-layout":"default","site-content-style":"default","site-sidebar-style":"default","ast-global-header-display":"","ast-banner-title-visibility":"","ast-main-header-display":"","ast-hfb-above-header-display":"","ast-hfb-below-header-display":"","ast-hfb-mobile-header-display":"","site-post-title":"","ast-breadcrumbs-content":"","ast-featured-img":"","footer-sml-layout":"","theme-transparent-header-meta":"","adv-header-id-meta":"","stick-header-meta":"","header-above-stick-meta":"","header-main-stick-meta":"","header-below-stick-meta":"","astra-migrate-meta-layouts":"set","footnotes":""},"categories":[8,10,12,11],"tags":[],"class_list":["post-82890","post","type-post","status-publish","format-standard","has-post-thumbnail","hentry","category-espectaculos","category-notaslanortenita","category-notasmagiadigital","category-ocio"],"_links":{"self":[{"href":"https:\/\/lanortenita917.com.mx\/index.php\/wp-json\/wp\/v2\/posts\/82890","targetHints":{"allow":["GET"]}}],"collection":[{"href":"https:\/\/lanortenita917.com.mx\/index.php\/wp-json\/wp\/v2\/posts"}],"about":[{"href":"https:\/\/lanortenita917.com.mx\/index.php\/wp-json\/wp\/v2\/types\/post"}],"author":[{"embeddable":true,"href":"https:\/\/lanortenita917.com.mx\/index.php\/wp-json\/wp\/v2\/users\/7"}],"replies":[{"embeddable":true,"href":"https:\/\/lanortenita917.com.mx\/index.php\/wp-json\/wp\/v2\/comments?post=82890"}],"version-history":[{"count":1,"href":"https:\/\/lanortenita917.com.mx\/index.php\/wp-json\/wp\/v2\/posts\/82890\/revisions"}],"predecessor-version":[{"id":82891,"href":"https:\/\/lanortenita917.com.mx\/index.php\/wp-json\/wp\/v2\/posts\/82890\/revisions\/82891"}],"wp:featuredmedia":[{"embeddable":true,"href":"https:\/\/lanortenita917.com.mx\/index.php\/wp-json\/wp\/v2\/media\/82896"}],"wp:attachment":[{"href":"https:\/\/lanortenita917.com.mx\/index.php\/wp-json\/wp\/v2\/media?parent=82890"}],"wp:term":[{"taxonomy":"category","embeddable":true,"href":"https:\/\/lanortenita917.com.mx\/index.php\/wp-json\/wp\/v2\/categories?post=82890"},{"taxonomy":"post_tag","embeddable":true,"href":"https:\/\/lanortenita917.com.mx\/index.php\/wp-json\/wp\/v2\/tags?post=82890"}],"curies":[{"name":"wp","href":"https:\/\/api.w.org\/{rel}","templated":true}]}}