{"id":82385,"date":"2023-09-15T19:32:42","date_gmt":"2023-09-15T19:32:42","guid":{"rendered":"https:\/\/enblancoynegro.com.mx\/?p=82385"},"modified":"2023-09-15T19:32:43","modified_gmt":"2023-09-15T19:32:43","slug":"ya-nacio-la-hija-de-christian-nodal-y-cazzu-aqui-su-primera-fotografia","status":"publish","type":"post","link":"https:\/\/lanortenita917.com.mx\/index.php\/2023\/09\/15\/ya-nacio-la-hija-de-christian-nodal-y-cazzu-aqui-su-primera-fotografia\/","title":{"rendered":"Ya nacio la hija de Christian Nodal y Cazzu, aqui su primera fotografia"},"content":{"rendered":"\n<p>La noticia de que Christian Nodal y Cazzu se han convertido en padres es realmente emocionante y ha generado un gran inter\u00e9s entre sus seguidores. La pareja hab\u00eda mantenido su embarazo en privado, lo que hizo que el anuncio de la llegada de su hija fuera una sorpresa inesperada y muy especial.<\/p>\n\n\n\n<p>La imagen compartida en las redes sociales, en la que se ve la peque\u00f1a mano de su beb\u00e9 sostenida por las manos de ambos padres, es conmovedora y representa un momento de profunda felicidad y conexi\u00f3n para la pareja. La fecha &#8220;09.14.2023&#8221; en la descripci\u00f3n de la foto marca el d\u00eda en que su hija vino al mundo, y el emoji de un sol sugiere la alegr\u00eda y la luminosidad que esta nueva incorporaci\u00f3n trae a sus vidas.<\/p>\n\n\n\n<p>Los comentarios en las redes sociales fueron una muestra de amor y felicitaciones por parte de familiares, amigos y seguidores. Muchos expresaron su admiraci\u00f3n por la pareja y su emoci\u00f3n por la llegada de la peque\u00f1a. Tambi\u00e9n se destac\u00f3 el talento que la ni\u00f1a heredar\u00e1 de sus famosos padres, lo que ha suscitado a\u00fan m\u00e1s inter\u00e9s en su desarrollo y futuro.<\/p>\n\n\n\n<figure class=\"wp-block-image size-full\"><img decoding=\"async\" src=\"https:\/\/enblancoynegro.com.mx\/wp-content\/uploads\/2023\/09\/bb2.png\" alt=\"\" class=\"wp-image-82387\"\/><\/figure>\n\n\n\n<p>Adem\u00e1s, algunos fan\u00e1ticos mencionaron que ahora tendr\u00e1n que esperar para ver el rostro de la peque\u00f1a, ya que es posible que la pareja elija compartirlo en una revista de sociales en una exclusiva, siguiendo la tendencia de otros famosos que han compartido im\u00e1genes de sus hijos de manera similar.<\/p>\n\n\n\n<p>La noticia del nacimiento de su hija representa un nuevo cap\u00edtulo en la vida de Christian Nodal y Cazzu, y los seguidores estar\u00e1n ansiosos por conocer m\u00e1s detalles sobre la peque\u00f1a y su vida familiar en los pr\u00f3ximos meses. Sin duda, este es un momento emocionante y memorable para la pareja, y les deseamos muchas felicidades en esta nueva etapa como padres, llena de amor y alegr\u00eda.<\/p>\n\n\n\n<figure class=\"wp-block-image size-full\"><img decoding=\"async\" src=\"https:\/\/enblancoynegro.com.mx\/wp-content\/uploads\/2023\/09\/bb3.png\" alt=\"\" class=\"wp-image-82388\"\/><\/figure>\n","protected":false},"excerpt":{"rendered":"<p>La noticia de que Christian Nodal y Cazzu se han convertido en padres es realmente emocionante y ha generado un gran inter\u00e9s entre sus seguidores. La pareja hab\u00eda mantenido su embarazo en privado, lo que hizo que el anuncio de la llegada de su hija fuera una sorpresa inesperada y muy especial. La imagen compartida &hellip;<\/p>\n<p class=\"read-more\"> <a class=\"\" href=\"https:\/\/lanortenita917.com.mx\/index.php\/2023\/09\/15\/ya-nacio-la-hija-de-christian-nodal-y-cazzu-aqui-su-primera-fotografia\/\"> <span class=\"screen-reader-text\">Ya nacio la hija de Christian Nodal y Cazzu, aqui su primera fotografia<\/span> Leer m\u00e1s &raquo;<\/a><\/p>\n","protected":false},"author":7,"featured_media":82425,"comment_status":"closed","ping_status":"closed","sticky":false,"template":"","format":"standard","meta":{"site-sidebar-layout":"default","site-content-layout":"","ast-site-content-layout":"default","site-content-style":"default","site-sidebar-style":"default","ast-global-header-display":"","ast-banner-title-visibility":"","ast-main-header-display":"","ast-hfb-above-header-display":"","ast-hfb-below-header-display":"","ast-hfb-mobile-header-display":"","site-post-title":"","ast-breadcrumbs-content":"","ast-featured-img":"","footer-sml-layout":"","theme-transparent-header-meta":"","adv-header-id-meta":"","stick-header-meta":"","header-above-stick-meta":"","header-main-stick-meta":"","header-below-stick-meta":"","astra-migrate-meta-layouts":"set","footnotes":""},"categories":[8,10,12,11],"tags":[],"class_list":["post-82385","post","type-post","status-publish","format-standard","has-post-thumbnail","hentry","category-espectaculos","category-notaslanortenita","category-notasmagiadigital","category-ocio"],"_links":{"self":[{"href":"https:\/\/lanortenita917.com.mx\/index.php\/wp-json\/wp\/v2\/posts\/82385","targetHints":{"allow":["GET"]}}],"collection":[{"href":"https:\/\/lanortenita917.com.mx\/index.php\/wp-json\/wp\/v2\/posts"}],"about":[{"href":"https:\/\/lanortenita917.com.mx\/index.php\/wp-json\/wp\/v2\/types\/post"}],"author":[{"embeddable":true,"href":"https:\/\/lanortenita917.com.mx\/index.php\/wp-json\/wp\/v2\/users\/7"}],"replies":[{"embeddable":true,"href":"https:\/\/lanortenita917.com.mx\/index.php\/wp-json\/wp\/v2\/comments?post=82385"}],"version-history":[{"count":1,"href":"https:\/\/lanortenita917.com.mx\/index.php\/wp-json\/wp\/v2\/posts\/82385\/revisions"}],"predecessor-version":[{"id":82420,"href":"https:\/\/lanortenita917.com.mx\/index.php\/wp-json\/wp\/v2\/posts\/82385\/revisions\/82420"}],"wp:featuredmedia":[{"embeddable":true,"href":"https:\/\/lanortenita917.com.mx\/index.php\/wp-json\/wp\/v2\/media\/82425"}],"wp:attachment":[{"href":"https:\/\/lanortenita917.com.mx\/index.php\/wp-json\/wp\/v2\/media?parent=82385"}],"wp:term":[{"taxonomy":"category","embeddable":true,"href":"https:\/\/lanortenita917.com.mx\/index.php\/wp-json\/wp\/v2\/categories?post=82385"},{"taxonomy":"post_tag","embeddable":true,"href":"https:\/\/lanortenita917.com.mx\/index.php\/wp-json\/wp\/v2\/tags?post=82385"}],"curies":[{"name":"wp","href":"https:\/\/api.w.org\/{rel}","templated":true}]}}