{"id":81828,"date":"2023-09-12T19:43:20","date_gmt":"2023-09-12T19:43:20","guid":{"rendered":"https:\/\/enblancoynegro.com.mx\/?p=81828"},"modified":"2023-09-12T19:43:21","modified_gmt":"2023-09-12T19:43:21","slug":"la-hija-de-priscila-y-gustavo-angel-debutara-muy-pronto-se-viene-la-competencia-para-angela-aguilar","status":"publish","type":"post","link":"https:\/\/lanortenita917.com.mx\/index.php\/2023\/09\/12\/la-hija-de-priscila-y-gustavo-angel-debutara-muy-pronto-se-viene-la-competencia-para-angela-aguilar\/","title":{"rendered":"La hija de Priscila y Gustavo \u00c1ngel debutar\u00e1 muy pronto, se viene la competencia para Angela Aguilar"},"content":{"rendered":"\n<p>&nbsp;Sara \u00c1ngel, la hija de Priscila \u00c1ngel y Gustavo \u00c1ngel (conocido como el Temerario Menor), est\u00e1 lista para su debut musical con su propia canci\u00f3n titulada &#8220;Might Sound Crazy&#8221;. Esta noticia fue compartida por sus padres con gran orgullo en las redes sociales.<\/p>\n\n\n\n<p>El debut musical de Sara \u00c1ngel est\u00e1 programado para el 22 de septiembre y marca un emocionante paso en su carrera como cantante y compositora. Sus padres expresaron su alegr\u00eda y orgullo por ver a su hija seguir sus pasos en la m\u00fasica y por su perseverancia en la b\u00fasqueda de sus sue\u00f1os.<\/p>\n\n\n\n<p>Aunque Sara \u00c1ngel viene de una familia musical reconocida en M\u00e9xico, con sus padres siendo parte del grupo Priscila y sus Balas de Plata y con su padre siendo parte de Los Temerarios, su enfoque musical parece estar orientado hacia el pop y una audiencia m\u00e1s amplia.<\/p>\n\n\n\n<figure class=\"wp-block-image size-full\"><img decoding=\"async\" src=\"https:\/\/enblancoynegro.com.mx\/wp-content\/uploads\/2023\/09\/angel2.png\" alt=\"\" class=\"wp-image-81830\"\/><\/figure>\n\n\n\n<p>Este anuncio ha llevado a algunas comparaciones con \u00c1ngela Aguilar, otra joven cantante mexicana que proviene de una familia musical famosa. Ambas artistas est\u00e1n forjando sus propios caminos en la m\u00fasica y tienen un futuro prometedor por delante.<\/p>\n\n\n\n<p>La canci\u00f3n &#8220;Might Sound Crazy&#8221; representa el comienzo de la carrera musical de Sara \u00c1ngel como cantautora, y muchos estar\u00e1n atentos para escuchar su m\u00fasica y ver c\u00f3mo se desarrolla su carrera en la industria musical.<\/p>\n\n\n\n<figure class=\"wp-block-image size-full\"><img decoding=\"async\" src=\"https:\/\/enblancoynegro.com.mx\/wp-content\/uploads\/2023\/09\/angel3.png\" alt=\"\" class=\"wp-image-81831\"\/><\/figure>\n","protected":false},"excerpt":{"rendered":"<p>&nbsp;Sara \u00c1ngel, la hija de Priscila \u00c1ngel y Gustavo \u00c1ngel (conocido como el Temerario Menor), est\u00e1 lista para su debut musical con su propia canci\u00f3n titulada &#8220;Might Sound Crazy&#8221;. Esta noticia fue compartida por sus padres con gran orgullo en las redes sociales. El debut musical de Sara \u00c1ngel est\u00e1 programado para el 22 de &hellip;<\/p>\n<p class=\"read-more\"> <a class=\"\" href=\"https:\/\/lanortenita917.com.mx\/index.php\/2023\/09\/12\/la-hija-de-priscila-y-gustavo-angel-debutara-muy-pronto-se-viene-la-competencia-para-angela-aguilar\/\"> <span class=\"screen-reader-text\">La hija de Priscila y Gustavo \u00c1ngel debutar\u00e1 muy pronto, se viene la competencia para Angela Aguilar<\/span> Leer m\u00e1s &raquo;<\/a><\/p>\n","protected":false},"author":7,"featured_media":81833,"comment_status":"closed","ping_status":"closed","sticky":false,"template":"","format":"standard","meta":{"site-sidebar-layout":"default","site-content-layout":"","ast-site-content-layout":"","site-content-style":"default","site-sidebar-style":"default","ast-global-header-display":"","ast-banner-title-visibility":"","ast-main-header-display":"","ast-hfb-above-header-display":"","ast-hfb-below-header-display":"","ast-hfb-mobile-header-display":"","site-post-title":"","ast-breadcrumbs-content":"","ast-featured-img":"","footer-sml-layout":"","theme-transparent-header-meta":"","adv-header-id-meta":"","stick-header-meta":"","header-above-stick-meta":"","header-main-stick-meta":"","header-below-stick-meta":"","astra-migrate-meta-layouts":"","footnotes":""},"categories":[8,10,12,11],"tags":[],"class_list":["post-81828","post","type-post","status-publish","format-standard","has-post-thumbnail","hentry","category-espectaculos","category-notaslanortenita","category-notasmagiadigital","category-ocio"],"_links":{"self":[{"href":"https:\/\/lanortenita917.com.mx\/index.php\/wp-json\/wp\/v2\/posts\/81828","targetHints":{"allow":["GET"]}}],"collection":[{"href":"https:\/\/lanortenita917.com.mx\/index.php\/wp-json\/wp\/v2\/posts"}],"about":[{"href":"https:\/\/lanortenita917.com.mx\/index.php\/wp-json\/wp\/v2\/types\/post"}],"author":[{"embeddable":true,"href":"https:\/\/lanortenita917.com.mx\/index.php\/wp-json\/wp\/v2\/users\/7"}],"replies":[{"embeddable":true,"href":"https:\/\/lanortenita917.com.mx\/index.php\/wp-json\/wp\/v2\/comments?post=81828"}],"version-history":[{"count":2,"href":"https:\/\/lanortenita917.com.mx\/index.php\/wp-json\/wp\/v2\/posts\/81828\/revisions"}],"predecessor-version":[{"id":81834,"href":"https:\/\/lanortenita917.com.mx\/index.php\/wp-json\/wp\/v2\/posts\/81828\/revisions\/81834"}],"wp:featuredmedia":[{"embeddable":true,"href":"https:\/\/lanortenita917.com.mx\/index.php\/wp-json\/wp\/v2\/media\/81833"}],"wp:attachment":[{"href":"https:\/\/lanortenita917.com.mx\/index.php\/wp-json\/wp\/v2\/media?parent=81828"}],"wp:term":[{"taxonomy":"category","embeddable":true,"href":"https:\/\/lanortenita917.com.mx\/index.php\/wp-json\/wp\/v2\/categories?post=81828"},{"taxonomy":"post_tag","embeddable":true,"href":"https:\/\/lanortenita917.com.mx\/index.php\/wp-json\/wp\/v2\/tags?post=81828"}],"curies":[{"name":"wp","href":"https:\/\/api.w.org\/{rel}","templated":true}]}}