{"id":81801,"date":"2023-09-12T19:45:02","date_gmt":"2023-09-12T19:45:02","guid":{"rendered":"https:\/\/enblancoynegro.com.mx\/?p=81801"},"modified":"2023-09-12T19:45:03","modified_gmt":"2023-09-12T19:45:03","slug":"yahritza-y-su-esencia-son-abucheados-en-festival-arre","status":"publish","type":"post","link":"https:\/\/lanortenita917.com.mx\/index.php\/2023\/09\/12\/yahritza-y-su-esencia-son-abucheados-en-festival-arre\/","title":{"rendered":"Yahritza y su Esencia son abucheados en Festival Arre"},"content":{"rendered":"\n<p><\/p>\n\n\n\n<p>La actuaci\u00f3n de Yahritza y Su Esencia en el Festival Arre, celebrado en el Auditorio Hermanos Rodr\u00edguez de la Ciudad de M\u00e9xico, gener\u00f3 controversia y un recibimiento adverso por parte de una parte del p\u00fablico. Algunos asistentes expresaron su desaprobaci\u00f3n abucheando y gritando &#8220;\u00a1que se vayan!&#8221; y &#8220;\u00a1chicken!&#8221; en referencia a los comentarios previos de la banda sobre la comida.<\/p>\n\n\n\n<p>A pesar de estos abucheos y tensiones iniciales, las im\u00e1genes que circularon en redes sociales mostraron que hubo una asistencia considerable durante su actuaci\u00f3n. Los seguidores leales de Yahritza y Su Esencia cantaron con entusiasmo los \u00e9xitos de la banda, y la cantante incluso baj\u00f3 del escenario para tomarse fotos con aquellos que la apoyaron.<\/p>\n\n\n\n<p>La controversia se origin\u00f3 a ra\u00edz de una entrevista en la que la banda expres\u00f3 opiniones sobre ciertos aspectos de M\u00e9xico que no les agradaban, como el ruido en las calles y su preferencia por la comida a la que est\u00e1n acostumbrados en Washington, incluyendo el pollo (&#8220;chicken&#8221;).<\/p>\n\n\n\n<figure class=\"wp-block-image size-full\"><img decoding=\"async\" src=\"https:\/\/enblancoynegro.com.mx\/wp-content\/uploads\/2023\/09\/yaritza2-1.png\" alt=\"\" class=\"wp-image-81806\"\/><\/figure>\n\n\n\n<p>A pesar del respaldo del presidente Andr\u00e9s Manuel L\u00f3pez Obrador, algunos conciertos de la banda, como el programado en Guadalajara, fueron cancelados. Ticketmaster actualiz\u00f3 el estatus del evento como &#8220;cancelado&#8221;, lo que indica que las consecuencias de la controversia a\u00fan persisten.<\/p>\n\n\n\n<p>Sin embargo, Yahritza y Su Esencia anunciaron con orgullo que lograron un &#8220;sold out&#8221; en su concierto de Monterrey, que tuvo lugar en el Foro Tims el pasado 5 de septiembre. Esto demuestra que a pesar de los obst\u00e1culos y la controversia, la banda sigue contando con un s\u00f3lido grupo de seguidores que los respaldan.<\/p>\n","protected":false},"excerpt":{"rendered":"<p>La actuaci\u00f3n de Yahritza y Su Esencia en el Festival Arre, celebrado en el Auditorio Hermanos Rodr\u00edguez de la Ciudad de M\u00e9xico, gener\u00f3 controversia y un recibimiento adverso por parte de una parte del p\u00fablico. Algunos asistentes expresaron su desaprobaci\u00f3n abucheando y gritando &#8220;\u00a1que se vayan!&#8221; y &#8220;\u00a1chicken!&#8221; en referencia a los comentarios previos de &hellip;<\/p>\n<p class=\"read-more\"> <a class=\"\" href=\"https:\/\/lanortenita917.com.mx\/index.php\/2023\/09\/12\/yahritza-y-su-esencia-son-abucheados-en-festival-arre\/\"> <span class=\"screen-reader-text\">Yahritza y su Esencia son abucheados en Festival Arre<\/span> Leer m\u00e1s &raquo;<\/a><\/p>\n","protected":false},"author":7,"featured_media":81837,"comment_status":"closed","ping_status":"closed","sticky":false,"template":"","format":"standard","meta":{"site-sidebar-layout":"default","site-content-layout":"","ast-site-content-layout":"","site-content-style":"default","site-sidebar-style":"default","ast-global-header-display":"","ast-banner-title-visibility":"","ast-main-header-display":"","ast-hfb-above-header-display":"","ast-hfb-below-header-display":"","ast-hfb-mobile-header-display":"","site-post-title":"","ast-breadcrumbs-content":"","ast-featured-img":"","footer-sml-layout":"","theme-transparent-header-meta":"","adv-header-id-meta":"","stick-header-meta":"","header-above-stick-meta":"","header-main-stick-meta":"","header-below-stick-meta":"","astra-migrate-meta-layouts":"","footnotes":""},"categories":[8,10,12,11],"tags":[],"class_list":["post-81801","post","type-post","status-publish","format-standard","has-post-thumbnail","hentry","category-espectaculos","category-notaslanortenita","category-notasmagiadigital","category-ocio"],"_links":{"self":[{"href":"https:\/\/lanortenita917.com.mx\/index.php\/wp-json\/wp\/v2\/posts\/81801","targetHints":{"allow":["GET"]}}],"collection":[{"href":"https:\/\/lanortenita917.com.mx\/index.php\/wp-json\/wp\/v2\/posts"}],"about":[{"href":"https:\/\/lanortenita917.com.mx\/index.php\/wp-json\/wp\/v2\/types\/post"}],"author":[{"embeddable":true,"href":"https:\/\/lanortenita917.com.mx\/index.php\/wp-json\/wp\/v2\/users\/7"}],"replies":[{"embeddable":true,"href":"https:\/\/lanortenita917.com.mx\/index.php\/wp-json\/wp\/v2\/comments?post=81801"}],"version-history":[{"count":1,"href":"https:\/\/lanortenita917.com.mx\/index.php\/wp-json\/wp\/v2\/posts\/81801\/revisions"}],"predecessor-version":[{"id":81831,"href":"https:\/\/lanortenita917.com.mx\/index.php\/wp-json\/wp\/v2\/posts\/81801\/revisions\/81831"}],"wp:featuredmedia":[{"embeddable":true,"href":"https:\/\/lanortenita917.com.mx\/index.php\/wp-json\/wp\/v2\/media\/81837"}],"wp:attachment":[{"href":"https:\/\/lanortenita917.com.mx\/index.php\/wp-json\/wp\/v2\/media?parent=81801"}],"wp:term":[{"taxonomy":"category","embeddable":true,"href":"https:\/\/lanortenita917.com.mx\/index.php\/wp-json\/wp\/v2\/categories?post=81801"},{"taxonomy":"post_tag","embeddable":true,"href":"https:\/\/lanortenita917.com.mx\/index.php\/wp-json\/wp\/v2\/tags?post=81801"}],"curies":[{"name":"wp","href":"https:\/\/api.w.org\/{rel}","templated":true}]}}