{"id":81199,"date":"2023-09-08T18:12:15","date_gmt":"2023-09-08T18:12:15","guid":{"rendered":"https:\/\/enblancoynegro.com.mx\/?p=81199"},"modified":"2023-09-08T18:12:15","modified_gmt":"2023-09-08T18:12:15","slug":"hijos-de-alejandro-fernandez-exhiben-su-voz-al-ritmo-de-elvis-presley","status":"publish","type":"post","link":"https:\/\/lanortenita917.com.mx\/index.php\/2023\/09\/08\/hijos-de-alejandro-fernandez-exhiben-su-voz-al-ritmo-de-elvis-presley\/","title":{"rendered":"Hijos de Alejandro Fern\u00e1ndez exhiben su voz al ritmo de Elvis Presley"},"content":{"rendered":"\n<p><\/p>\n\n\n\n<p>El legado musical de Vicente Fern\u00e1ndez trascendi\u00f3 a trav\u00e9s de sus hijos y nietos, quienes han heredado su talento y contin\u00faan la dinast\u00eda musical de la familia. A continuaci\u00f3n, un vistazo a algunos de los miembros de la familia Fern\u00e1ndez que est\u00e1n siguiendo los pasos de &#8220;El Charro de Huentit\u00e1n&#8221;:<\/p>\n\n\n\n<p>Alex Fern\u00e1ndez: El nieto mayor de Vicente Fern\u00e1ndez, Alex, ha demostrado un gran talento musical con una voz que se asemeja a la de su padre, Alejandro Fern\u00e1ndez. Ha lanzado \u00e1lbumes como &#8220;Sigue la dinast\u00eda&#8221; en 2019 y &#8220;Buscando el olvido&#8221; en 2022.<\/p>\n\n\n\n<p>Camila Fern\u00e1ndez: Camila, una de las hijas de Alejandro Fern\u00e1ndez, debut\u00f3 en la m\u00fasica en 2014 cuando su padre le dio la oportunidad de cantar en uno de sus conciertos en Las Vegas. Firm\u00f3 contrato con Universal Music y lanz\u00f3 sencillos y el disco &#8220;Down the road&#8221; en 2002.<\/p>\n\n\n\n<p>Am\u00e9rica Fern\u00e1ndez: La gemela de Camila, Am\u00e9rica, tambi\u00e9n est\u00e1 involucrada en la m\u00fasica y planea presentar su trabajo musical en el futuro. Actualmente est\u00e1 estudiando Dise\u00f1o de Modas en Los \u00c1ngeles, California, y ha adelantado que su estilo ser\u00e1 una fusi\u00f3n entre lo cl\u00e1sico y lo moderno.<\/p>\n\n\n\n<p>Valentina y Emiliano: Los hijos de Alejandro Fern\u00e1ndez, Valentina y Emiliano, han presentado su proyecto musical conjunto llamado &#8220;TINU X EMI&#8221;. Aunque son j\u00f3venes, muestran su inter\u00e9s en seguir los pasos de su familia en la m\u00fasica.<\/p>\n\n\n\n<p>En una reuni\u00f3n familiar, Alex, Camila y Am\u00e9rica Fern\u00e1ndez compartieron un momento musical al interpretar la canci\u00f3n &#8220;Can&#8217;t Help Falling In Love&#8221; de Elvis Presley. La voz de Alex se destac\u00f3 por su similitud con la del ic\u00f3nico Rey del Rock. Adem\u00e1s, Am\u00e9rica Guinart, madre de los j\u00f3venes, se uni\u00f3 a la presentaci\u00f3n con la canci\u00f3n &#8220;Estoy enamorado&#8221;, originalmente interpretada por Thal\u00eda y Pedro Cap\u00f3 en 2009.<\/p>\n\n\n\n<figure class=\"wp-block-image size-full\"><img loading=\"lazy\" decoding=\"async\" width=\"761\" height=\"580\" src=\"https:\/\/lanortenita917.com.mx\/wp-content\/uploads\/2023\/09\/alex1.png\" alt=\"\" class=\"wp-image-81205\" srcset=\"https:\/\/lanortenita917.com.mx\/wp-content\/uploads\/2023\/09\/alex1.png 761w, https:\/\/lanortenita917.com.mx\/wp-content\/uploads\/2023\/09\/alex1-300x229.png 300w\" sizes=\"auto, (max-width: 761px) 100vw, 761px\" \/><\/figure>\n\n\n\n<p>La m\u00fasica es una parte importante de la vida de la familia Fern\u00e1ndez, y estos momentos musicales en familia son inolvidables y apreciados por todos. La pasi\u00f3n por la m\u00fasica sigue siendo una parte fundamental del legado de Vicente Fern\u00e1ndez que contin\u00faa vivo a trav\u00e9s de las generaciones.<\/p>\n","protected":false},"excerpt":{"rendered":"<p>El legado musical de Vicente Fern\u00e1ndez trascendi\u00f3 a trav\u00e9s de sus hijos y nietos, quienes han heredado su talento y contin\u00faan la dinast\u00eda musical de la familia. A continuaci\u00f3n, un vistazo a algunos de los miembros de la familia Fern\u00e1ndez que est\u00e1n siguiendo los pasos de &#8220;El Charro de Huentit\u00e1n&#8221;: Alex Fern\u00e1ndez: El nieto mayor &hellip;<\/p>\n<p class=\"read-more\"> <a class=\"\" href=\"https:\/\/lanortenita917.com.mx\/index.php\/2023\/09\/08\/hijos-de-alejandro-fernandez-exhiben-su-voz-al-ritmo-de-elvis-presley\/\"> <span class=\"screen-reader-text\">Hijos de Alejandro Fern\u00e1ndez exhiben su voz al ritmo de Elvis Presley<\/span> Leer m\u00e1s &raquo;<\/a><\/p>\n","protected":false},"author":7,"featured_media":81204,"comment_status":"closed","ping_status":"closed","sticky":false,"template":"","format":"standard","meta":{"site-sidebar-layout":"default","site-content-layout":"","ast-site-content-layout":"","site-content-style":"default","site-sidebar-style":"default","ast-global-header-display":"","ast-banner-title-visibility":"","ast-main-header-display":"","ast-hfb-above-header-display":"","ast-hfb-below-header-display":"","ast-hfb-mobile-header-display":"","site-post-title":"","ast-breadcrumbs-content":"","ast-featured-img":"","footer-sml-layout":"","theme-transparent-header-meta":"","adv-header-id-meta":"","stick-header-meta":"","header-above-stick-meta":"","header-main-stick-meta":"","header-below-stick-meta":"","astra-migrate-meta-layouts":"","footnotes":""},"categories":[8,10,12,11],"tags":[],"class_list":["post-81199","post","type-post","status-publish","format-standard","has-post-thumbnail","hentry","category-espectaculos","category-notaslanortenita","category-notasmagiadigital","category-ocio"],"_links":{"self":[{"href":"https:\/\/lanortenita917.com.mx\/index.php\/wp-json\/wp\/v2\/posts\/81199","targetHints":{"allow":["GET"]}}],"collection":[{"href":"https:\/\/lanortenita917.com.mx\/index.php\/wp-json\/wp\/v2\/posts"}],"about":[{"href":"https:\/\/lanortenita917.com.mx\/index.php\/wp-json\/wp\/v2\/types\/post"}],"author":[{"embeddable":true,"href":"https:\/\/lanortenita917.com.mx\/index.php\/wp-json\/wp\/v2\/users\/7"}],"replies":[{"embeddable":true,"href":"https:\/\/lanortenita917.com.mx\/index.php\/wp-json\/wp\/v2\/comments?post=81199"}],"version-history":[{"count":2,"href":"https:\/\/lanortenita917.com.mx\/index.php\/wp-json\/wp\/v2\/posts\/81199\/revisions"}],"predecessor-version":[{"id":81206,"href":"https:\/\/lanortenita917.com.mx\/index.php\/wp-json\/wp\/v2\/posts\/81199\/revisions\/81206"}],"wp:featuredmedia":[{"embeddable":true,"href":"https:\/\/lanortenita917.com.mx\/index.php\/wp-json\/wp\/v2\/media\/81204"}],"wp:attachment":[{"href":"https:\/\/lanortenita917.com.mx\/index.php\/wp-json\/wp\/v2\/media?parent=81199"}],"wp:term":[{"taxonomy":"category","embeddable":true,"href":"https:\/\/lanortenita917.com.mx\/index.php\/wp-json\/wp\/v2\/categories?post=81199"},{"taxonomy":"post_tag","embeddable":true,"href":"https:\/\/lanortenita917.com.mx\/index.php\/wp-json\/wp\/v2\/tags?post=81199"}],"curies":[{"name":"wp","href":"https:\/\/api.w.org\/{rel}","templated":true}]}}