{"id":81191,"date":"2023-09-08T18:12:47","date_gmt":"2023-09-08T18:12:47","guid":{"rendered":"https:\/\/enblancoynegro.com.mx\/?p=81191"},"modified":"2023-09-08T18:12:47","modified_gmt":"2023-09-08T18:12:47","slug":"grupo-la-mafia-evolucionando-en-una-industria-nueva","status":"publish","type":"post","link":"https:\/\/lanortenita917.com.mx\/index.php\/2023\/09\/08\/grupo-la-mafia-evolucionando-en-una-industria-nueva\/","title":{"rendered":"Grupo La Mafia evolucionando en una industria nueva"},"content":{"rendered":"\n<p><\/p>\n\n\n\n<p>El g\u00e9nero regional mexicano est\u00e1 experimentando un momento \u00fanico en su historia, ya que nuevos artistas emergentes est\u00e1n logrando proyecci\u00f3n mundial gracias a la viralidad en redes sociales y su \u00e9xito en listas de reproducci\u00f3n. Sin embargo, veteranos exponentes de este g\u00e9nero, como La Mafia, siguen siendo relevantes y valorados por su trayectoria.<\/p>\n\n\n\n<p>La Mafia, con 43 a\u00f1os de carrera, est\u00e1 emocionada de formar parte del cartel de eventos como el &#8220;Arre&#8221;. A pesar de la evoluci\u00f3n del g\u00e9nero y la popularidad de nuevos estilos como los corridos tumbados, la banda contin\u00faa con su estilo distintivo y sigue siendo del gusto del p\u00fablico.<\/p>\n\n\n\n<p>Los m\u00fasicos de La Mafia recuerdan los desaf\u00edos que enfrentaron cuando comenzaron su carrera y c\u00f3mo tuvieron que trabajar arduamente para abrirse paso en la industria. En comparaci\u00f3n con la promoci\u00f3n y difusi\u00f3n actuales a trav\u00e9s de las redes sociales, destacan que en su \u00e9poca deb\u00edan realizar giras extensas y entrevistas para darse a conocer.<\/p>\n\n\n\n<p>Tambi\u00e9n mencionan que el g\u00e9nero regional mexicano engloba diversos estilos, y es importante reconocer que cada subg\u00e9nero tiene su propio sonido y p\u00fablico. No todos los artistas hacen lo mismo, y es fundamental valorar la diversidad dentro del g\u00e9nero.<\/p>\n\n\n\n<figure class=\"wp-block-image size-full\"><img loading=\"lazy\" decoding=\"async\" width=\"560\" height=\"427\" src=\"https:\/\/lanortenita917.com.mx\/wp-content\/uploads\/2023\/09\/mafia2.png\" alt=\"\" class=\"wp-image-81208\" srcset=\"https:\/\/lanortenita917.com.mx\/wp-content\/uploads\/2023\/09\/mafia2.png 560w, https:\/\/lanortenita917.com.mx\/wp-content\/uploads\/2023\/09\/mafia2-300x229.png 300w\" sizes=\"auto, (max-width: 560px) 100vw, 560px\" \/><\/figure>\n\n\n\n<p>Adem\u00e1s, resaltan la importancia de dar oportunidades a nuevos artistas, especialmente a mujeres, sin compararlas constantemente con figuras ic\u00f3nicas como Selena. La industria est\u00e1 lista para que surjan nuevos talentos y aporte frescura al g\u00e9nero regional mexicano.<\/p>\n\n\n\n<p>En resumen, La Mafia destaca su longevidad en la industria y su capacidad para mantenerse relevantes, al tiempo que celebra la diversidad y la evoluci\u00f3n del g\u00e9nero regional mexicano.<\/p>\n","protected":false},"excerpt":{"rendered":"<p>El g\u00e9nero regional mexicano est\u00e1 experimentando un momento \u00fanico en su historia, ya que nuevos artistas emergentes est\u00e1n logrando proyecci\u00f3n mundial gracias a la viralidad en redes sociales y su \u00e9xito en listas de reproducci\u00f3n. Sin embargo, veteranos exponentes de este g\u00e9nero, como La Mafia, siguen siendo relevantes y valorados por su trayectoria. La Mafia, &hellip;<\/p>\n<p class=\"read-more\"> <a class=\"\" href=\"https:\/\/lanortenita917.com.mx\/index.php\/2023\/09\/08\/grupo-la-mafia-evolucionando-en-una-industria-nueva\/\"> <span class=\"screen-reader-text\">Grupo La Mafia evolucionando en una industria nueva<\/span> Leer m\u00e1s &raquo;<\/a><\/p>\n","protected":false},"author":7,"featured_media":81207,"comment_status":"closed","ping_status":"closed","sticky":false,"template":"","format":"standard","meta":{"site-sidebar-layout":"default","site-content-layout":"","ast-site-content-layout":"","site-content-style":"default","site-sidebar-style":"default","ast-global-header-display":"","ast-banner-title-visibility":"","ast-main-header-display":"","ast-hfb-above-header-display":"","ast-hfb-below-header-display":"","ast-hfb-mobile-header-display":"","site-post-title":"","ast-breadcrumbs-content":"","ast-featured-img":"","footer-sml-layout":"","theme-transparent-header-meta":"","adv-header-id-meta":"","stick-header-meta":"","header-above-stick-meta":"","header-main-stick-meta":"","header-below-stick-meta":"","astra-migrate-meta-layouts":"","footnotes":""},"categories":[8,10,12,11],"tags":[],"class_list":["post-81191","post","type-post","status-publish","format-standard","has-post-thumbnail","hentry","category-espectaculos","category-notaslanortenita","category-notasmagiadigital","category-ocio"],"_links":{"self":[{"href":"https:\/\/lanortenita917.com.mx\/index.php\/wp-json\/wp\/v2\/posts\/81191","targetHints":{"allow":["GET"]}}],"collection":[{"href":"https:\/\/lanortenita917.com.mx\/index.php\/wp-json\/wp\/v2\/posts"}],"about":[{"href":"https:\/\/lanortenita917.com.mx\/index.php\/wp-json\/wp\/v2\/types\/post"}],"author":[{"embeddable":true,"href":"https:\/\/lanortenita917.com.mx\/index.php\/wp-json\/wp\/v2\/users\/7"}],"replies":[{"embeddable":true,"href":"https:\/\/lanortenita917.com.mx\/index.php\/wp-json\/wp\/v2\/comments?post=81191"}],"version-history":[{"count":2,"href":"https:\/\/lanortenita917.com.mx\/index.php\/wp-json\/wp\/v2\/posts\/81191\/revisions"}],"predecessor-version":[{"id":81209,"href":"https:\/\/lanortenita917.com.mx\/index.php\/wp-json\/wp\/v2\/posts\/81191\/revisions\/81209"}],"wp:featuredmedia":[{"embeddable":true,"href":"https:\/\/lanortenita917.com.mx\/index.php\/wp-json\/wp\/v2\/media\/81207"}],"wp:attachment":[{"href":"https:\/\/lanortenita917.com.mx\/index.php\/wp-json\/wp\/v2\/media?parent=81191"}],"wp:term":[{"taxonomy":"category","embeddable":true,"href":"https:\/\/lanortenita917.com.mx\/index.php\/wp-json\/wp\/v2\/categories?post=81191"},{"taxonomy":"post_tag","embeddable":true,"href":"https:\/\/lanortenita917.com.mx\/index.php\/wp-json\/wp\/v2\/tags?post=81191"}],"curies":[{"name":"wp","href":"https:\/\/api.w.org\/{rel}","templated":true}]}}