{"id":81012,"date":"2023-09-07T20:14:11","date_gmt":"2023-09-07T20:14:11","guid":{"rendered":"https:\/\/enblancoynegro.com.mx\/?p=81012"},"modified":"2023-09-07T20:14:11","modified_gmt":"2023-09-07T20:14:11","slug":"nodal-habla-en-pleno-concierto-sobre-el-nacimiento-de-su-hija","status":"publish","type":"post","link":"https:\/\/lanortenita917.com.mx\/index.php\/2023\/09\/07\/nodal-habla-en-pleno-concierto-sobre-el-nacimiento-de-su-hija\/","title":{"rendered":"Nodal habla en pleno concierto sobre el nacimiento de su hija"},"content":{"rendered":"\n<p><\/p>\n\n\n\n<p>Christian Nodal, el cantante mexicano de 24 a\u00f1os, sorprendi\u00f3 a su p\u00fablico durante un concierto en Chicago al hablar sobre el nacimiento de su primera hija junto a la trapera argentina Julieta Emilia Cazzuchelli, conocida como Cazzu. En el evento, Nodal desminti\u00f3 los rumores que suger\u00edan que ya se hab\u00eda convertido en padre.<\/p>\n\n\n\n<p>El cantante anunci\u00f3 que este era su \u00faltimo concierto antes de convertirse en padre y que cuando regresara a los escenarios despu\u00e9s de su gira, ya ser\u00eda pap\u00e1. Dado que su pr\u00f3xima actuaci\u00f3n est\u00e1 programada para el 21 de septiembre, sugiri\u00f3 que la llegada de su beb\u00e9 ser\u00eda antes de esa fecha.<\/p>\n\n\n\n<p>Adem\u00e1s, Cazzu tambi\u00e9n comparti\u00f3 una foto de su creciente pancita de embarazo en sus historias de Instagram, lo que aument\u00f3 a\u00fan m\u00e1s las especulaciones sobre la inminente llegada de su hija.<\/p>\n\n\n\n<figure class=\"wp-block-image size-full\"><img decoding=\"async\" src=\"https:\/\/enblancoynegro.com.mx\/wp-content\/uploads\/2023\/09\/cazzu1.png\" alt=\"\" class=\"wp-image-81015\"\/><\/figure>\n\n\n\n<p>Anteriormente, los rumores sobre el nacimiento de su hija se hab\u00edan difundido gracias a una publicaci\u00f3n de Chamonic, una creadora de contenido, quien afirmaba que Nodal y Cazzu ya eran padres y que la hermana de Nodal hab\u00eda tenido a su beb\u00e9 en julio. Sin embargo, esta informaci\u00f3n parece no ser cierta seg\u00fan las declaraciones de Nodal durante su concierto.<\/p>\n\n\n\n<p>Cazzu tambi\u00e9n comparti\u00f3 sus preocupaciones sobre la maternidad en una entrevista con la revista Rolling Stone, expresando su temor y la necesidad de tranquilizarse mientras se prepara para convertirse en madre.<\/p>\n","protected":false},"excerpt":{"rendered":"<p>Christian Nodal, el cantante mexicano de 24 a\u00f1os, sorprendi\u00f3 a su p\u00fablico durante un concierto en Chicago al hablar sobre el nacimiento de su primera hija junto a la trapera argentina Julieta Emilia Cazzuchelli, conocida como Cazzu. En el evento, Nodal desminti\u00f3 los rumores que suger\u00edan que ya se hab\u00eda convertido en padre. El cantante &hellip;<\/p>\n<p class=\"read-more\"> <a class=\"\" href=\"https:\/\/lanortenita917.com.mx\/index.php\/2023\/09\/07\/nodal-habla-en-pleno-concierto-sobre-el-nacimiento-de-su-hija\/\"> <span class=\"screen-reader-text\">Nodal habla en pleno concierto sobre el nacimiento de su hija<\/span> Leer m\u00e1s &raquo;<\/a><\/p>\n","protected":false},"author":7,"featured_media":81016,"comment_status":"closed","ping_status":"closed","sticky":false,"template":"","format":"standard","meta":{"site-sidebar-layout":"default","site-content-layout":"","ast-site-content-layout":"","site-content-style":"default","site-sidebar-style":"default","ast-global-header-display":"","ast-banner-title-visibility":"","ast-main-header-display":"","ast-hfb-above-header-display":"","ast-hfb-below-header-display":"","ast-hfb-mobile-header-display":"","site-post-title":"","ast-breadcrumbs-content":"","ast-featured-img":"","footer-sml-layout":"","theme-transparent-header-meta":"","adv-header-id-meta":"","stick-header-meta":"","header-above-stick-meta":"","header-main-stick-meta":"","header-below-stick-meta":"","astra-migrate-meta-layouts":"","footnotes":""},"categories":[8,10,12,11],"tags":[],"class_list":["post-81012","post","type-post","status-publish","format-standard","has-post-thumbnail","hentry","category-espectaculos","category-notaslanortenita","category-notasmagiadigital","category-ocio"],"_links":{"self":[{"href":"https:\/\/lanortenita917.com.mx\/index.php\/wp-json\/wp\/v2\/posts\/81012","targetHints":{"allow":["GET"]}}],"collection":[{"href":"https:\/\/lanortenita917.com.mx\/index.php\/wp-json\/wp\/v2\/posts"}],"about":[{"href":"https:\/\/lanortenita917.com.mx\/index.php\/wp-json\/wp\/v2\/types\/post"}],"author":[{"embeddable":true,"href":"https:\/\/lanortenita917.com.mx\/index.php\/wp-json\/wp\/v2\/users\/7"}],"replies":[{"embeddable":true,"href":"https:\/\/lanortenita917.com.mx\/index.php\/wp-json\/wp\/v2\/comments?post=81012"}],"version-history":[{"count":1,"href":"https:\/\/lanortenita917.com.mx\/index.php\/wp-json\/wp\/v2\/posts\/81012\/revisions"}],"predecessor-version":[{"id":81013,"href":"https:\/\/lanortenita917.com.mx\/index.php\/wp-json\/wp\/v2\/posts\/81012\/revisions\/81013"}],"wp:featuredmedia":[{"embeddable":true,"href":"https:\/\/lanortenita917.com.mx\/index.php\/wp-json\/wp\/v2\/media\/81016"}],"wp:attachment":[{"href":"https:\/\/lanortenita917.com.mx\/index.php\/wp-json\/wp\/v2\/media?parent=81012"}],"wp:term":[{"taxonomy":"category","embeddable":true,"href":"https:\/\/lanortenita917.com.mx\/index.php\/wp-json\/wp\/v2\/categories?post=81012"},{"taxonomy":"post_tag","embeddable":true,"href":"https:\/\/lanortenita917.com.mx\/index.php\/wp-json\/wp\/v2\/tags?post=81012"}],"curies":[{"name":"wp","href":"https:\/\/api.w.org\/{rel}","templated":true}]}}