{"id":81000,"date":"2023-09-07T20:14:28","date_gmt":"2023-09-07T20:14:28","guid":{"rendered":"https:\/\/enblancoynegro.com.mx\/?p=81000"},"modified":"2023-09-07T20:14:28","modified_gmt":"2023-09-07T20:14:28","slug":"raul-hernandez-confiesa-por-que-abandono-los-tigres-del-norte","status":"publish","type":"post","link":"https:\/\/lanortenita917.com.mx\/index.php\/2023\/09\/07\/raul-hernandez-confiesa-por-que-abandono-los-tigres-del-norte\/","title":{"rendered":"Ra\u00fal Hern\u00e1ndez confiesa por qu\u00e9 abandon\u00f3 Los Tigres del Norte"},"content":{"rendered":"\n<p><\/p>\n\n\n\n<p>Ra\u00fal Hern\u00e1ndez revel\u00f3 los motivos por los que decidi\u00f3 abandonar a Los Tigres del Norte, la reconocida agrupaci\u00f3n de m\u00fasica regional mexicana, a mediados de la d\u00e9cada de los 90. Su salida se debi\u00f3 a un choque de ideas con respecto al sonido de la banda.<\/p>\n\n\n\n<p>Seg\u00fan Ra\u00fal Hern\u00e1ndez, el motivo de su partida fue la falta de acuerdo con sus hermanos sobre la direcci\u00f3n musical que deb\u00eda tomar la banda. \u00c9l deseaba realizar un disco especial en el que pudiera grabar con una banda sinaloense o un mariachi, ya que siempre hab\u00eda estado interesado en la m\u00fasica de banda y dominaba los g\u00e9neros de m\u00fasica ranchera.<\/p>\n\n\n\n<p>Sin embargo, sus hermanos, los otros miembros de Los Tigres del Norte, se mostraron reacios a mezclar otros estilos musicales con el sonido norte\u00f1o caracter\u00edstico de la banda. Ra\u00fal expres\u00f3 que nunca ve\u00eda posibilidades de que se le permitiera hacer lo que deseaba como parte del grupo. Esta falta de acuerdo sobre la direcci\u00f3n musical llev\u00f3 finalmente a su separaci\u00f3n de la banda.<\/p>\n\n\n\n<figure class=\"wp-block-image size-full\"><img decoding=\"async\" src=\"https:\/\/enblancoynegro.com.mx\/wp-content\/uploads\/2023\/09\/raul-hernandez-1.png\" alt=\"\" class=\"wp-image-81004\"\/><\/figure>\n\n\n\n<p>Ra\u00fal Hern\u00e1ndez tambi\u00e9n mencion\u00f3 que hab\u00eda ocasiones en las que el grupo decid\u00eda no tocar las canciones en las que \u00e9l era la voz principal, a pesar de que el p\u00fablico las ped\u00eda. A pesar de las diferencias, Ra\u00fal Hern\u00e1ndez opt\u00f3 por no discutir ni crear conflictos y finalmente dej\u00f3 la banda.<\/p>\n\n\n\n<p>Es interesante notar que, seg\u00fan Ra\u00fal Hern\u00e1ndez, Los Tigres del Norte luego comenzaron a explorar otros estilos musicales, como m\u00fasica sinf\u00f3nica y m\u00fasica de mariachi, lo que podr\u00eda considerarse como una confirmaci\u00f3n de su visi\u00f3n art\u00edstica.<\/p>\n\n\n\n<figure class=\"wp-block-image size-full\"><img decoding=\"async\" src=\"https:\/\/enblancoynegro.com.mx\/wp-content\/uploads\/2023\/09\/raul-hernandez-2.png\" alt=\"\" class=\"wp-image-81005\"\/><\/figure>\n","protected":false},"excerpt":{"rendered":"<p>Ra\u00fal Hern\u00e1ndez revel\u00f3 los motivos por los que decidi\u00f3 abandonar a Los Tigres del Norte, la reconocida agrupaci\u00f3n de m\u00fasica regional mexicana, a mediados de la d\u00e9cada de los 90. Su salida se debi\u00f3 a un choque de ideas con respecto al sonido de la banda. Seg\u00fan Ra\u00fal Hern\u00e1ndez, el motivo de su partida fue &hellip;<\/p>\n<p class=\"read-more\"> <a class=\"\" href=\"https:\/\/lanortenita917.com.mx\/index.php\/2023\/09\/07\/raul-hernandez-confiesa-por-que-abandono-los-tigres-del-norte\/\"> <span class=\"screen-reader-text\">Ra\u00fal Hern\u00e1ndez confiesa por qu\u00e9 abandon\u00f3 Los Tigres del Norte<\/span> Leer m\u00e1s &raquo;<\/a><\/p>\n","protected":false},"author":7,"featured_media":81017,"comment_status":"closed","ping_status":"closed","sticky":false,"template":"","format":"standard","meta":{"site-sidebar-layout":"default","site-content-layout":"","ast-site-content-layout":"","site-content-style":"default","site-sidebar-style":"default","ast-global-header-display":"","ast-banner-title-visibility":"","ast-main-header-display":"","ast-hfb-above-header-display":"","ast-hfb-below-header-display":"","ast-hfb-mobile-header-display":"","site-post-title":"","ast-breadcrumbs-content":"","ast-featured-img":"","footer-sml-layout":"","theme-transparent-header-meta":"","adv-header-id-meta":"","stick-header-meta":"","header-above-stick-meta":"","header-main-stick-meta":"","header-below-stick-meta":"","astra-migrate-meta-layouts":"","footnotes":""},"categories":[8,10,12,11],"tags":[],"class_list":["post-81000","post","type-post","status-publish","format-standard","has-post-thumbnail","hentry","category-espectaculos","category-notaslanortenita","category-notasmagiadigital","category-ocio"],"_links":{"self":[{"href":"https:\/\/lanortenita917.com.mx\/index.php\/wp-json\/wp\/v2\/posts\/81000","targetHints":{"allow":["GET"]}}],"collection":[{"href":"https:\/\/lanortenita917.com.mx\/index.php\/wp-json\/wp\/v2\/posts"}],"about":[{"href":"https:\/\/lanortenita917.com.mx\/index.php\/wp-json\/wp\/v2\/types\/post"}],"author":[{"embeddable":true,"href":"https:\/\/lanortenita917.com.mx\/index.php\/wp-json\/wp\/v2\/users\/7"}],"replies":[{"embeddable":true,"href":"https:\/\/lanortenita917.com.mx\/index.php\/wp-json\/wp\/v2\/comments?post=81000"}],"version-history":[{"count":1,"href":"https:\/\/lanortenita917.com.mx\/index.php\/wp-json\/wp\/v2\/posts\/81000\/revisions"}],"predecessor-version":[{"id":81014,"href":"https:\/\/lanortenita917.com.mx\/index.php\/wp-json\/wp\/v2\/posts\/81000\/revisions\/81014"}],"wp:featuredmedia":[{"embeddable":true,"href":"https:\/\/lanortenita917.com.mx\/index.php\/wp-json\/wp\/v2\/media\/81017"}],"wp:attachment":[{"href":"https:\/\/lanortenita917.com.mx\/index.php\/wp-json\/wp\/v2\/media?parent=81000"}],"wp:term":[{"taxonomy":"category","embeddable":true,"href":"https:\/\/lanortenita917.com.mx\/index.php\/wp-json\/wp\/v2\/categories?post=81000"},{"taxonomy":"post_tag","embeddable":true,"href":"https:\/\/lanortenita917.com.mx\/index.php\/wp-json\/wp\/v2\/tags?post=81000"}],"curies":[{"name":"wp","href":"https:\/\/api.w.org\/{rel}","templated":true}]}}