{"id":80984,"date":"2023-09-07T20:14:55","date_gmt":"2023-09-07T20:14:55","guid":{"rendered":"https:\/\/enblancoynegro.com.mx\/?p=80984"},"modified":"2023-09-07T20:14:55","modified_gmt":"2023-09-07T20:14:55","slug":"yaritza-y-su-esencia-se-reconcilian-con-publico-mexicano-tras-polemica-en-redes-sociales","status":"publish","type":"post","link":"https:\/\/lanortenita917.com.mx\/index.php\/2023\/09\/07\/yaritza-y-su-esencia-se-reconcilian-con-publico-mexicano-tras-polemica-en-redes-sociales\/","title":{"rendered":"Yaritza y su esencia se reconcilian con publico mexicano tras pol\u00e9mica en redes sociales"},"content":{"rendered":"\n<p><\/p>\n\n\n\n<p>Yahritza y su esencia ofrecieron su primer concierto en Monterrey, M\u00e9xico, a pesar de las cr\u00edticas que enfrentaron en las redes sociales debido a sus comentarios previos sobre la comida mexicana. Durante su presentaci\u00f3n en el Foro Tims de Monterrey el 7 de septiembre, Yahritza Mart\u00ednez, la vocalista del grupo, aprovech\u00f3 el momento para pedir disculpas a aquellos mexicanos que se sintieron ofendidos por sus declaraciones controvertidas.<\/p>\n\n\n\n<p>En su discurso, Yahritza expres\u00f3 su orgullo por ser mexicana y destac\u00f3 sus ra\u00edces mexicanas, mencionando que sus padres son mexicanos y que siempre representar\u00e1n su herencia mexicana. Sus palabras fueron bien recibidas por el p\u00fablico presente, que aplaudi\u00f3 y mostr\u00f3 su apoyo a la cantante.<\/p>\n\n\n\n<p>La disculpa p\u00fablica de Yahritza se difundi\u00f3 en las redes sociales y gener\u00f3 reacciones mixtas. Algunos internautas la criticaron, mientras que otros aceptaron sus disculpas y alentaron a los artistas a seguir adelante.<\/p>\n\n\n\n<figure class=\"wp-block-video\"><video controls src=\"https:\/\/enblancoynegro.com.mx\/wp-content\/uploads\/2023\/09\/ssstik.io_1694105838488.mp4\"><\/video><\/figure>\n\n\n\n<p>El concierto tambi\u00e9n cont\u00f3 con la participaci\u00f3n especial del ni\u00f1o mexicano conocido como &#8220;Iker, el ni\u00f1o millonario&#8221;, quien se ha vuelto popular en TikTok. Juntos, interpretaron la canci\u00f3n m\u00e1s famosa de la agrupaci\u00f3n, &#8220;Fr\u00e1gil&#8221;, y compartieron un momento especial en el escenario.<\/p>\n\n\n\n<p>Yahritza agradeci\u00f3 a sus seguidores mexicanos por su apoyo y cari\u00f1o durante el concierto, expresando su gratitud por la confianza que tienen en ellos. A pesar de la controversia previa, el concierto fue un \u00e9xito y el grupo continuar\u00e1 su carrera musical en M\u00e9xico.<\/p>\n","protected":false},"excerpt":{"rendered":"<p>Yahritza y su esencia ofrecieron su primer concierto en Monterrey, M\u00e9xico, a pesar de las cr\u00edticas que enfrentaron en las redes sociales debido a sus comentarios previos sobre la comida mexicana. Durante su presentaci\u00f3n en el Foro Tims de Monterrey el 7 de septiembre, Yahritza Mart\u00ednez, la vocalista del grupo, aprovech\u00f3 el momento para pedir &hellip;<\/p>\n<p class=\"read-more\"> <a class=\"\" href=\"https:\/\/lanortenita917.com.mx\/index.php\/2023\/09\/07\/yaritza-y-su-esencia-se-reconcilian-con-publico-mexicano-tras-polemica-en-redes-sociales\/\"> <span class=\"screen-reader-text\">Yaritza y su esencia se reconcilian con publico mexicano tras pol\u00e9mica en redes sociales<\/span> Leer m\u00e1s &raquo;<\/a><\/p>\n","protected":false},"author":7,"featured_media":81018,"comment_status":"closed","ping_status":"closed","sticky":false,"template":"","format":"standard","meta":{"site-sidebar-layout":"default","site-content-layout":"","ast-site-content-layout":"","site-content-style":"default","site-sidebar-style":"default","ast-global-header-display":"","ast-banner-title-visibility":"","ast-main-header-display":"","ast-hfb-above-header-display":"","ast-hfb-below-header-display":"","ast-hfb-mobile-header-display":"","site-post-title":"","ast-breadcrumbs-content":"","ast-featured-img":"","footer-sml-layout":"","theme-transparent-header-meta":"","adv-header-id-meta":"","stick-header-meta":"","header-above-stick-meta":"","header-main-stick-meta":"","header-below-stick-meta":"","astra-migrate-meta-layouts":"","footnotes":""},"categories":[8,10,12,11],"tags":[],"class_list":["post-80984","post","type-post","status-publish","format-standard","has-post-thumbnail","hentry","category-espectaculos","category-notaslanortenita","category-notasmagiadigital","category-ocio"],"_links":{"self":[{"href":"https:\/\/lanortenita917.com.mx\/index.php\/wp-json\/wp\/v2\/posts\/80984","targetHints":{"allow":["GET"]}}],"collection":[{"href":"https:\/\/lanortenita917.com.mx\/index.php\/wp-json\/wp\/v2\/posts"}],"about":[{"href":"https:\/\/lanortenita917.com.mx\/index.php\/wp-json\/wp\/v2\/types\/post"}],"author":[{"embeddable":true,"href":"https:\/\/lanortenita917.com.mx\/index.php\/wp-json\/wp\/v2\/users\/7"}],"replies":[{"embeddable":true,"href":"https:\/\/lanortenita917.com.mx\/index.php\/wp-json\/wp\/v2\/comments?post=80984"}],"version-history":[{"count":1,"href":"https:\/\/lanortenita917.com.mx\/index.php\/wp-json\/wp\/v2\/posts\/80984\/revisions"}],"predecessor-version":[{"id":81015,"href":"https:\/\/lanortenita917.com.mx\/index.php\/wp-json\/wp\/v2\/posts\/80984\/revisions\/81015"}],"wp:featuredmedia":[{"embeddable":true,"href":"https:\/\/lanortenita917.com.mx\/index.php\/wp-json\/wp\/v2\/media\/81018"}],"wp:attachment":[{"href":"https:\/\/lanortenita917.com.mx\/index.php\/wp-json\/wp\/v2\/media?parent=80984"}],"wp:term":[{"taxonomy":"category","embeddable":true,"href":"https:\/\/lanortenita917.com.mx\/index.php\/wp-json\/wp\/v2\/categories?post=80984"},{"taxonomy":"post_tag","embeddable":true,"href":"https:\/\/lanortenita917.com.mx\/index.php\/wp-json\/wp\/v2\/tags?post=80984"}],"curies":[{"name":"wp","href":"https:\/\/api.w.org\/{rel}","templated":true}]}}