{"id":80291,"date":"2023-09-04T21:32:10","date_gmt":"2023-09-04T21:32:10","guid":{"rendered":"https:\/\/enblancoynegro.com.mx\/?p=80291"},"modified":"2023-09-04T21:32:10","modified_gmt":"2023-09-04T21:32:10","slug":"habia-personas-armadas-en-evento-de-edwin-luna-y-lo-bajan-del-escenario-en-pleno-concierto","status":"publish","type":"post","link":"https:\/\/lanortenita917.com.mx\/index.php\/2023\/09\/04\/habia-personas-armadas-en-evento-de-edwin-luna-y-lo-bajan-del-escenario-en-pleno-concierto\/","title":{"rendered":"Hab\u00eda personas armadas en evento de Edwin Luna y lo bajan del escenario en pleno concierto \u00a0"},"content":{"rendered":"\n<p><\/p>\n\n\n\n<p>El cantante de m\u00fasica regional mexicana, Edwin Luna, se volvi\u00f3 tendencia en redes sociales despu\u00e9s de un incidente durante su presentaci\u00f3n en Everett, Washington. Durante el concierto, fue interrumpido por el sheriff y posteriormente sacado del escenario por personal de seguridad.<\/p>\n\n\n\n<p>El momento gener\u00f3 confusi\u00f3n tanto entre el p\u00fablico como en el propio vocalista. Edwin Luna se disculp\u00f3 con sus seguidores a trav\u00e9s de sus redes sociales por no poder continuar con el show y prometi\u00f3 dar detalles sobre lo sucedido m\u00e1s adelante.<\/p>\n\n\n\n<p>En un video que circula en redes sociales, se puede ver a Edwin Luna interpretando una de sus canciones durante el jaripeo cuando el personal de seguridad y el sheriff del lugar suben al escenario para sacarlo r\u00e1pidamente.<\/p>\n\n\n\n<p>Los asistentes al evento expresaron su sorpresa ante la inesperada interrupci\u00f3n, ya que no pod\u00edan creer lo que estaba ocurriendo. En su mensaje en Instagram, Edwin Luna explic\u00f3 que la seguridad tom\u00f3 esta medida porque hab\u00edan identificado a personas armadas en el lugar.<\/p>\n\n\n\n<p>Hasta el momento, no se han proporcionado m\u00e1s detalles sobre el incidente ni sobre las personas armadas que supuestamente estaban presentes en el concierto. El cantante asegur\u00f3 que todo estaba bien momentos antes del incidente y agradeci\u00f3 a Dios por su seguridad.<\/p>\n\n\n\n<figure class=\"wp-block-video\"><video controls src=\"https:\/\/enblancoynegro.com.mx\/wp-content\/uploads\/2023\/09\/ssstik.io_1693851245528.mp4\"><\/video><\/figure>\n","protected":false},"excerpt":{"rendered":"<p>El cantante de m\u00fasica regional mexicana, Edwin Luna, se volvi\u00f3 tendencia en redes sociales despu\u00e9s de un incidente durante su presentaci\u00f3n en Everett, Washington. Durante el concierto, fue interrumpido por el sheriff y posteriormente sacado del escenario por personal de seguridad. El momento gener\u00f3 confusi\u00f3n tanto entre el p\u00fablico como en el propio vocalista. Edwin &hellip;<\/p>\n<p class=\"read-more\"> <a class=\"\" href=\"https:\/\/lanortenita917.com.mx\/index.php\/2023\/09\/04\/habia-personas-armadas-en-evento-de-edwin-luna-y-lo-bajan-del-escenario-en-pleno-concierto\/\"> <span class=\"screen-reader-text\">Hab\u00eda personas armadas en evento de Edwin Luna y lo bajan del escenario en pleno concierto \u00a0<\/span> Leer m\u00e1s &raquo;<\/a><\/p>\n","protected":false},"author":7,"featured_media":80296,"comment_status":"closed","ping_status":"closed","sticky":false,"template":"","format":"standard","meta":{"site-sidebar-layout":"default","site-content-layout":"","ast-site-content-layout":"","site-content-style":"default","site-sidebar-style":"default","ast-global-header-display":"","ast-banner-title-visibility":"","ast-main-header-display":"","ast-hfb-above-header-display":"","ast-hfb-below-header-display":"","ast-hfb-mobile-header-display":"","site-post-title":"","ast-breadcrumbs-content":"","ast-featured-img":"","footer-sml-layout":"","theme-transparent-header-meta":"","adv-header-id-meta":"","stick-header-meta":"","header-above-stick-meta":"","header-main-stick-meta":"","header-below-stick-meta":"","astra-migrate-meta-layouts":"","footnotes":""},"categories":[8,10,12,11],"tags":[],"class_list":["post-80291","post","type-post","status-publish","format-standard","has-post-thumbnail","hentry","category-espectaculos","category-notaslanortenita","category-notasmagiadigital","category-ocio"],"_links":{"self":[{"href":"https:\/\/lanortenita917.com.mx\/index.php\/wp-json\/wp\/v2\/posts\/80291","targetHints":{"allow":["GET"]}}],"collection":[{"href":"https:\/\/lanortenita917.com.mx\/index.php\/wp-json\/wp\/v2\/posts"}],"about":[{"href":"https:\/\/lanortenita917.com.mx\/index.php\/wp-json\/wp\/v2\/types\/post"}],"author":[{"embeddable":true,"href":"https:\/\/lanortenita917.com.mx\/index.php\/wp-json\/wp\/v2\/users\/7"}],"replies":[{"embeddable":true,"href":"https:\/\/lanortenita917.com.mx\/index.php\/wp-json\/wp\/v2\/comments?post=80291"}],"version-history":[{"count":1,"href":"https:\/\/lanortenita917.com.mx\/index.php\/wp-json\/wp\/v2\/posts\/80291\/revisions"}],"predecessor-version":[{"id":80293,"href":"https:\/\/lanortenita917.com.mx\/index.php\/wp-json\/wp\/v2\/posts\/80291\/revisions\/80293"}],"wp:featuredmedia":[{"embeddable":true,"href":"https:\/\/lanortenita917.com.mx\/index.php\/wp-json\/wp\/v2\/media\/80296"}],"wp:attachment":[{"href":"https:\/\/lanortenita917.com.mx\/index.php\/wp-json\/wp\/v2\/media?parent=80291"}],"wp:term":[{"taxonomy":"category","embeddable":true,"href":"https:\/\/lanortenita917.com.mx\/index.php\/wp-json\/wp\/v2\/categories?post=80291"},{"taxonomy":"post_tag","embeddable":true,"href":"https:\/\/lanortenita917.com.mx\/index.php\/wp-json\/wp\/v2\/tags?post=80291"}],"curies":[{"name":"wp","href":"https:\/\/api.w.org\/{rel}","templated":true}]}}