{"id":80278,"date":"2023-09-04T21:34:01","date_gmt":"2023-09-04T21:34:01","guid":{"rendered":"https:\/\/enblancoynegro.com.mx\/?p=80278"},"modified":"2023-09-04T21:34:01","modified_gmt":"2023-09-04T21:34:01","slug":"los-aguilar-no-llenan-concierto-en-feria-de-san-marcos","status":"publish","type":"post","link":"https:\/\/lanortenita917.com.mx\/index.php\/2023\/09\/04\/los-aguilar-no-llenan-concierto-en-feria-de-san-marcos\/","title":{"rendered":"Los Aguilar no llenan concierto en Feria de San Marcos"},"content":{"rendered":"\n<p><\/p>\n\n\n\n<p>Los comentarios y la reacci\u00f3n de algunos mexicanos hacia \u00c1ngela Aguilar tras su declaraci\u00f3n sobre ser argentina y su reciente presentaci\u00f3n en la Feria de San Marcos reflejan un cierto descontento por parte de la comunidad. Algunos argumentan que la asistencia al concierto no fue tan alta como en a\u00f1os anteriores y critican su actitud, calific\u00e1ndola de soberbia.<\/p>\n\n\n\n<p>Es importante se\u00f1alar que, aunque algunos espectadores optaron por no asistir debido a la declaraci\u00f3n inicial de \u00c1ngela Aguilar, quienes estuvieron presentes elogian la calidad del espect\u00e1culo, &#8220;Jaripeo sin Fronteras&#8221;. Sin embargo, se menciona que la venta de boletos no ha sido tan exitosa como se esperaba, incluso llevando a la cancelaci\u00f3n de una de las fechas en San Luis Potos\u00ed.<\/p>\n\n\n\n<figure class=\"wp-block-image size-full\"><img decoding=\"async\" src=\"https:\/\/enblancoynegro.com.mx\/wp-content\/uploads\/2023\/09\/angela2-1.png\" alt=\"\" class=\"wp-image-80284\"\/><\/figure>\n\n\n\n<p>El video en redes sociales muestra que la Monumental Plaza de Toros no estaba completamente llena y hab\u00eda espacios vac\u00edos. En respuesta, \u00c1ngela Aguilar ha compartido un video en el que defiende su amor por la m\u00fasica y menciona que percibe m\u00e1s amor que odio de parte de su audiencia.<\/p>\n\n\n\n<p>Como es com\u00fan en las redes sociales, algunos usuarios expresan sus opiniones de manera cr\u00edtica y sarc\u00e1stica, cuestionando la afluencia al concierto y dejando comentarios negativos. Cada persona tiene su perspectiva sobre el tema, y es importante recordar que las opiniones pueden variar ampliamente en situaciones como esta.<\/p>\n\n\n\n<figure class=\"wp-block-video\"><video controls src=\"https:\/\/enblancoynegro.com.mx\/wp-content\/uploads\/2023\/09\/ssstik.io_1693852360223.mp4\"><\/video><\/figure>\n","protected":false},"excerpt":{"rendered":"<p>Los comentarios y la reacci\u00f3n de algunos mexicanos hacia \u00c1ngela Aguilar tras su declaraci\u00f3n sobre ser argentina y su reciente presentaci\u00f3n en la Feria de San Marcos reflejan un cierto descontento por parte de la comunidad. Algunos argumentan que la asistencia al concierto no fue tan alta como en a\u00f1os anteriores y critican su actitud, &hellip;<\/p>\n<p class=\"read-more\"> <a class=\"\" href=\"https:\/\/lanortenita917.com.mx\/index.php\/2023\/09\/04\/los-aguilar-no-llenan-concierto-en-feria-de-san-marcos\/\"> <span class=\"screen-reader-text\">Los Aguilar no llenan concierto en Feria de San Marcos<\/span> Leer m\u00e1s &raquo;<\/a><\/p>\n","protected":false},"author":7,"featured_media":80297,"comment_status":"closed","ping_status":"closed","sticky":false,"template":"","format":"standard","meta":{"site-sidebar-layout":"default","site-content-layout":"","ast-site-content-layout":"","site-content-style":"default","site-sidebar-style":"default","ast-global-header-display":"","ast-banner-title-visibility":"","ast-main-header-display":"","ast-hfb-above-header-display":"","ast-hfb-below-header-display":"","ast-hfb-mobile-header-display":"","site-post-title":"","ast-breadcrumbs-content":"","ast-featured-img":"","footer-sml-layout":"","theme-transparent-header-meta":"","adv-header-id-meta":"","stick-header-meta":"","header-above-stick-meta":"","header-main-stick-meta":"","header-below-stick-meta":"","astra-migrate-meta-layouts":"","footnotes":""},"categories":[8,10,11],"tags":[],"class_list":["post-80278","post","type-post","status-publish","format-standard","has-post-thumbnail","hentry","category-espectaculos","category-notaslanortenita","category-ocio"],"_links":{"self":[{"href":"https:\/\/lanortenita917.com.mx\/index.php\/wp-json\/wp\/v2\/posts\/80278","targetHints":{"allow":["GET"]}}],"collection":[{"href":"https:\/\/lanortenita917.com.mx\/index.php\/wp-json\/wp\/v2\/posts"}],"about":[{"href":"https:\/\/lanortenita917.com.mx\/index.php\/wp-json\/wp\/v2\/types\/post"}],"author":[{"embeddable":true,"href":"https:\/\/lanortenita917.com.mx\/index.php\/wp-json\/wp\/v2\/users\/7"}],"replies":[{"embeddable":true,"href":"https:\/\/lanortenita917.com.mx\/index.php\/wp-json\/wp\/v2\/comments?post=80278"}],"version-history":[{"count":1,"href":"https:\/\/lanortenita917.com.mx\/index.php\/wp-json\/wp\/v2\/posts\/80278\/revisions"}],"predecessor-version":[{"id":80292,"href":"https:\/\/lanortenita917.com.mx\/index.php\/wp-json\/wp\/v2\/posts\/80278\/revisions\/80292"}],"wp:featuredmedia":[{"embeddable":true,"href":"https:\/\/lanortenita917.com.mx\/index.php\/wp-json\/wp\/v2\/media\/80297"}],"wp:attachment":[{"href":"https:\/\/lanortenita917.com.mx\/index.php\/wp-json\/wp\/v2\/media?parent=80278"}],"wp:term":[{"taxonomy":"category","embeddable":true,"href":"https:\/\/lanortenita917.com.mx\/index.php\/wp-json\/wp\/v2\/categories?post=80278"},{"taxonomy":"post_tag","embeddable":true,"href":"https:\/\/lanortenita917.com.mx\/index.php\/wp-json\/wp\/v2\/tags?post=80278"}],"curies":[{"name":"wp","href":"https:\/\/api.w.org\/{rel}","templated":true}]}}