{"id":80267,"date":"2023-09-04T21:35:56","date_gmt":"2023-09-04T21:35:56","guid":{"rendered":"https:\/\/enblancoynegro.com.mx\/?p=80267"},"modified":"2023-09-04T21:35:56","modified_gmt":"2023-09-04T21:35:56","slug":"eduin-caz-no-se-hace-notar-ante-el-cumpleanos-de-su-ex-y-ella-manda-este-mensaje","status":"publish","type":"post","link":"https:\/\/lanortenita917.com.mx\/index.php\/2023\/09\/04\/eduin-caz-no-se-hace-notar-ante-el-cumpleanos-de-su-ex-y-ella-manda-este-mensaje\/","title":{"rendered":"Eduin Caz no se hace notar ante el cumplea\u00f1os de su ex y ella manda este mensaje"},"content":{"rendered":"\n<p><\/p>\n\n\n\n<p>El pasado fin de semana, el cantante celebr\u00f3 una gran fiesta para festejar su cumplea\u00f1os y, al mismo tiempo, mostrar su nuevo cambio de imagen. Durante la celebraci\u00f3n, dej\u00f3 atr\u00e1s su larga melena de color rosa para dar la bienvenida a un corte de cabello estilo &#8216;pixie&#8217; en tono negro. A pesar de la festividad, llam\u00f3 la atenci\u00f3n que en ninguna de sus publicaciones se viera la presencia de alguien que aparentemente no asisti\u00f3.<\/p>\n\n\n\n<p>Este detalle cobra relevancia porque en febrero pasado, el cantante se refiri\u00f3 a su expareja como &#8220;exesposa&#8221; por primera vez durante los Premios Lo Nuestro, dejando entrever que hab\u00eda tenido lugar una separaci\u00f3n. Desde entonces, ha manifestado p\u00fablicamente que mantiene una buena relaci\u00f3n con la madre de sus tres hijos. La noticia del nacimiento de su cuarto hijo lleg\u00f3 a principios de junio pasado, y el artista estuvo presente durante el parto.<\/p>\n\n\n\n<p>En contraste, el fin de semana pasado, el cantante opt\u00f3 por mantener un absoluto silencio con respecto al cumplea\u00f1os de su ex. No realiz\u00f3 ninguna publicaci\u00f3n al respecto ni tampoco interactu\u00f3 en las redes sociales con el mensaje que Daisy Anahy comparti\u00f3 en Instagram el domingo 3 de septiembre, en el que agradec\u00eda por otro a\u00f1o de vida y compart\u00eda su nueva apariencia.<\/p>\n\n\n\n<figure class=\"wp-block-image size-full\"><img decoding=\"async\" src=\"https:\/\/enblancoynegro.com.mx\/wp-content\/uploads\/2023\/09\/DAISY2.png\" alt=\"\" class=\"wp-image-80270\"\/><\/figure>\n\n\n\n<p>En su mensaje, Daisy Anahy comparti\u00f3 un mensaje inspirador en el que animaba a todos a perseguir su felicidad y disfrutar la vida sin que las opiniones de los dem\u00e1s los detuvieran. Tambi\u00e9n expres\u00f3 su agradecimiento a quienes la acompa\u00f1aron en su celebraci\u00f3n y dedic\u00f3 unas palabras a Eduin Caz, el cantante, a pesar de que este \u00faltimo no la felicit\u00f3 de manera p\u00fablica.<\/p>\n\n\n\n<p>Llama la atenci\u00f3n que, a pesar de la aparente distancia en las redes sociales, su excu\u00f1ado, Jhonny Caz, s\u00ed asisti\u00f3 a la fiesta de Daisy Anahy junto a su prometido, Jonathan Bencomo.<\/p>\n","protected":false},"excerpt":{"rendered":"<p>El pasado fin de semana, el cantante celebr\u00f3 una gran fiesta para festejar su cumplea\u00f1os y, al mismo tiempo, mostrar su nuevo cambio de imagen. Durante la celebraci\u00f3n, dej\u00f3 atr\u00e1s su larga melena de color rosa para dar la bienvenida a un corte de cabello estilo &#8216;pixie&#8217; en tono negro. A pesar de la festividad, &hellip;<\/p>\n<p class=\"read-more\"> <a class=\"\" href=\"https:\/\/lanortenita917.com.mx\/index.php\/2023\/09\/04\/eduin-caz-no-se-hace-notar-ante-el-cumpleanos-de-su-ex-y-ella-manda-este-mensaje\/\"> <span class=\"screen-reader-text\">Eduin Caz no se hace notar ante el cumplea\u00f1os de su ex y ella manda este mensaje<\/span> Leer m\u00e1s &raquo;<\/a><\/p>\n","protected":false},"author":7,"featured_media":80299,"comment_status":"closed","ping_status":"closed","sticky":false,"template":"","format":"standard","meta":{"site-sidebar-layout":"default","site-content-layout":"","ast-site-content-layout":"","site-content-style":"default","site-sidebar-style":"default","ast-global-header-display":"","ast-banner-title-visibility":"","ast-main-header-display":"","ast-hfb-above-header-display":"","ast-hfb-below-header-display":"","ast-hfb-mobile-header-display":"","site-post-title":"","ast-breadcrumbs-content":"","ast-featured-img":"","footer-sml-layout":"","theme-transparent-header-meta":"","adv-header-id-meta":"","stick-header-meta":"","header-above-stick-meta":"","header-main-stick-meta":"","header-below-stick-meta":"","astra-migrate-meta-layouts":"","footnotes":""},"categories":[8,10,11],"tags":[],"class_list":["post-80267","post","type-post","status-publish","format-standard","has-post-thumbnail","hentry","category-espectaculos","category-notaslanortenita","category-ocio"],"_links":{"self":[{"href":"https:\/\/lanortenita917.com.mx\/index.php\/wp-json\/wp\/v2\/posts\/80267","targetHints":{"allow":["GET"]}}],"collection":[{"href":"https:\/\/lanortenita917.com.mx\/index.php\/wp-json\/wp\/v2\/posts"}],"about":[{"href":"https:\/\/lanortenita917.com.mx\/index.php\/wp-json\/wp\/v2\/types\/post"}],"author":[{"embeddable":true,"href":"https:\/\/lanortenita917.com.mx\/index.php\/wp-json\/wp\/v2\/users\/7"}],"replies":[{"embeddable":true,"href":"https:\/\/lanortenita917.com.mx\/index.php\/wp-json\/wp\/v2\/comments?post=80267"}],"version-history":[{"count":1,"href":"https:\/\/lanortenita917.com.mx\/index.php\/wp-json\/wp\/v2\/posts\/80267\/revisions"}],"predecessor-version":[{"id":80294,"href":"https:\/\/lanortenita917.com.mx\/index.php\/wp-json\/wp\/v2\/posts\/80267\/revisions\/80294"}],"wp:featuredmedia":[{"embeddable":true,"href":"https:\/\/lanortenita917.com.mx\/index.php\/wp-json\/wp\/v2\/media\/80299"}],"wp:attachment":[{"href":"https:\/\/lanortenita917.com.mx\/index.php\/wp-json\/wp\/v2\/media?parent=80267"}],"wp:term":[{"taxonomy":"category","embeddable":true,"href":"https:\/\/lanortenita917.com.mx\/index.php\/wp-json\/wp\/v2\/categories?post=80267"},{"taxonomy":"post_tag","embeddable":true,"href":"https:\/\/lanortenita917.com.mx\/index.php\/wp-json\/wp\/v2\/tags?post=80267"}],"curies":[{"name":"wp","href":"https:\/\/api.w.org\/{rel}","templated":true}]}}