{"id":78140,"date":"2023-08-24T15:18:01","date_gmt":"2023-08-24T15:18:01","guid":{"rendered":"https:\/\/enblancoynegro.com.mx\/?p=78140"},"modified":"2023-08-24T15:18:02","modified_gmt":"2023-08-24T15:18:02","slug":"grupo-frontera-agradece-a-presidente-lopez-obrador","status":"publish","type":"post","link":"https:\/\/lanortenita917.com.mx\/index.php\/2023\/08\/24\/grupo-frontera-agradece-a-presidente-lopez-obrador\/","title":{"rendered":"Grupo Frontera agradece a presidente L\u00f3pez Obrador"},"content":{"rendered":"\n<p><\/p>\n\n\n\n<p>El Grupo Frontera, una destacada agrupaci\u00f3n en el g\u00e9nero regional mexicano, est\u00e1 llevando su primer \u00e1lbum titulado &#8220;El Comienzo&#8221; a M\u00e9xico. La banda ha recibido un reconocimiento especial por parte del presidente de M\u00e9xico, Andr\u00e9s Manuel L\u00f3pez Obrador, lo cual ha sido muy significativo para ellos.<\/p>\n\n\n\n<p>La vocalista de la banda, Adelaido &#8220;Payo&#8221; Solis III, expres\u00f3 su agradecimiento por el apoyo del presidente L\u00f3pez Obrador, ya que esto les ha permitido trascender m\u00e1s all\u00e1 de su lugar de origen en el Valle de Texas. La banda se encuentra actualmente en Ciudad de M\u00e9xico promocionando su \u00e1lbum y compartiendo su m\u00fasica.<\/p>\n\n\n\n<p>El \u00e1lbum &#8220;El Comienzo&#8221; contiene 12 canciones, incluyendo \u00e9xitos que han colaborado con otros artistas en el \u00faltimo a\u00f1o, como &#8220;Que vuelvas&#8221; con Carin Le\u00f3n y &#8220;unX100to&#8221; con Bad Bunny, esta \u00faltima logrando el primer lugar en la lista de los 50 temas m\u00e1s escuchados a nivel global en Spotify.<\/p>\n\n\n\n<p>Uno de los momentos m\u00e1s orgullosos para el Grupo Frontera fue cuando el presidente L\u00f3pez Obrador destac\u00f3 sus canciones &#8220;No se va&#8221;, &#8220;Fr\u00e1gil&#8221; y &#8220;unX100to&#8221; en su rueda de prensa matutina, reconoci\u00e9ndolos como exponentes de la m\u00fasica mexicana actual. El vocalista Payo expres\u00f3 su deseo de conocer al presidente en persona y agradeci\u00f3 por el apoyo brindado.<\/p>\n\n\n\n<p>La historia del Grupo Frontera es de crecimiento gradual y trabajo en equipo. A pesar de haber alcanzado la fama de manera m\u00e1s destacada en 2022 con su versi\u00f3n de &#8220;No se va&#8221; de Morat en el g\u00e9nero regional mexicano, la banda considera que su \u00e9xito es resultado del trabajo duro y la humildad que han mantenido desde su formaci\u00f3n en 2019.<\/p>\n\n\n\n<figure class=\"wp-block-image size-full\"><img decoding=\"async\" src=\"https:\/\/enblancoynegro.com.mx\/wp-content\/uploads\/2023\/08\/fron02.png\" alt=\"\" class=\"wp-image-78142\"\/><\/figure>\n\n\n\n<p>El Grupo Frontera simboliza el auge actual del g\u00e9nero regional mexicano, que abarca diversos subg\u00e9neros musicales como la banda, la norte\u00f1a, la grupera y los corridos tumbados. La banda ha colaborado con figuras importantes en la m\u00fasica como Carin Le\u00f3n, Grupo Firme y Peso Pluma, contribuyendo a la expansi\u00f3n y popularizaci\u00f3n de este g\u00e9nero musical.<\/p>\n\n\n\n<p>En resumen, el Grupo Frontera se encuentra en un momento de gran reconocimiento y \u00e9xito en la m\u00fasica regional mexicana, habiendo logrado conquistar listas internacionales y ganarse un lugar destacado en la industria musical.<\/p>\n","protected":false},"excerpt":{"rendered":"<p>El Grupo Frontera, una destacada agrupaci\u00f3n en el g\u00e9nero regional mexicano, est\u00e1 llevando su primer \u00e1lbum titulado &#8220;El Comienzo&#8221; a M\u00e9xico. La banda ha recibido un reconocimiento especial por parte del presidente de M\u00e9xico, Andr\u00e9s Manuel L\u00f3pez Obrador, lo cual ha sido muy significativo para ellos. La vocalista de la banda, Adelaido &#8220;Payo&#8221; Solis III, &hellip;<\/p>\n<p class=\"read-more\"> <a class=\"\" href=\"https:\/\/lanortenita917.com.mx\/index.php\/2023\/08\/24\/grupo-frontera-agradece-a-presidente-lopez-obrador\/\"> <span class=\"screen-reader-text\">Grupo Frontera agradece a presidente L\u00f3pez Obrador<\/span> Leer m\u00e1s &raquo;<\/a><\/p>\n","protected":false},"author":7,"featured_media":78148,"comment_status":"closed","ping_status":"closed","sticky":false,"template":"","format":"standard","meta":{"site-sidebar-layout":"default","site-content-layout":"","ast-site-content-layout":"","site-content-style":"default","site-sidebar-style":"default","ast-global-header-display":"","ast-banner-title-visibility":"","ast-main-header-display":"","ast-hfb-above-header-display":"","ast-hfb-below-header-display":"","ast-hfb-mobile-header-display":"","site-post-title":"","ast-breadcrumbs-content":"","ast-featured-img":"","footer-sml-layout":"","theme-transparent-header-meta":"","adv-header-id-meta":"","stick-header-meta":"","header-above-stick-meta":"","header-main-stick-meta":"","header-below-stick-meta":"","astra-migrate-meta-layouts":"","footnotes":""},"categories":[8,10,12,11],"tags":[],"class_list":["post-78140","post","type-post","status-publish","format-standard","has-post-thumbnail","hentry","category-espectaculos","category-notaslanortenita","category-notasmagiadigital","category-ocio"],"_links":{"self":[{"href":"https:\/\/lanortenita917.com.mx\/index.php\/wp-json\/wp\/v2\/posts\/78140","targetHints":{"allow":["GET"]}}],"collection":[{"href":"https:\/\/lanortenita917.com.mx\/index.php\/wp-json\/wp\/v2\/posts"}],"about":[{"href":"https:\/\/lanortenita917.com.mx\/index.php\/wp-json\/wp\/v2\/types\/post"}],"author":[{"embeddable":true,"href":"https:\/\/lanortenita917.com.mx\/index.php\/wp-json\/wp\/v2\/users\/7"}],"replies":[{"embeddable":true,"href":"https:\/\/lanortenita917.com.mx\/index.php\/wp-json\/wp\/v2\/comments?post=78140"}],"version-history":[{"count":1,"href":"https:\/\/lanortenita917.com.mx\/index.php\/wp-json\/wp\/v2\/posts\/78140\/revisions"}],"predecessor-version":[{"id":78141,"href":"https:\/\/lanortenita917.com.mx\/index.php\/wp-json\/wp\/v2\/posts\/78140\/revisions\/78141"}],"wp:featuredmedia":[{"embeddable":true,"href":"https:\/\/lanortenita917.com.mx\/index.php\/wp-json\/wp\/v2\/media\/78148"}],"wp:attachment":[{"href":"https:\/\/lanortenita917.com.mx\/index.php\/wp-json\/wp\/v2\/media?parent=78140"}],"wp:term":[{"taxonomy":"category","embeddable":true,"href":"https:\/\/lanortenita917.com.mx\/index.php\/wp-json\/wp\/v2\/categories?post=78140"},{"taxonomy":"post_tag","embeddable":true,"href":"https:\/\/lanortenita917.com.mx\/index.php\/wp-json\/wp\/v2\/tags?post=78140"}],"curies":[{"name":"wp","href":"https:\/\/api.w.org\/{rel}","templated":true}]}}