{"id":77664,"date":"2023-08-22T22:58:32","date_gmt":"2023-08-22T22:58:32","guid":{"rendered":"https:\/\/enblancoynegro.com.mx\/?p=77664"},"modified":"2023-08-22T22:58:33","modified_gmt":"2023-08-22T22:58:33","slug":"los-angeles-azules-y-maria-becerra-se-unen-en-el-amor-de-mi-vida","status":"publish","type":"post","link":"https:\/\/lanortenita917.com.mx\/index.php\/2023\/08\/22\/los-angeles-azules-y-maria-becerra-se-unen-en-el-amor-de-mi-vida\/","title":{"rendered":"Los \u00c1ngeles Azules y Mar\u00eda Becerra se unen en \u2018El Amor de Mi Vida\u2018"},"content":{"rendered":"\n<p><\/p>\n\n\n\n<p>Los \u00c1ngeles Azules han unido fuerzas con Mar\u00eda Becerra para presentar su nuevo sencillo \u2018El Amor de Mi Vida\u2019. Con m\u00e1s de cuatro d\u00e9cadas de historia musical, la agrupaci\u00f3n de cumbia a\u00f1aden este lanzamiento al repertorio de colaboraciones que tienen con artistas internacionales.<\/p>\n\n\n\n<p>En esta ocasi\u00f3n, han cruzado fronteras hasta llegar a argentina para unirse a la cantante en ascenso. El rom\u00e1ntico tema surge como fruto del encuentro de dos estilos, que se desarrolla a trav\u00e9s del distintivo sonido de Los \u00c1ngeles Azules, mientras es liderado vocalmente por Becerra.<\/p>\n\n\n\n<p>El lanzamiento llega acompa\u00f1ado por un video musical, dirigido por Julian Levy y Lucas Fossati. En el clip vemos a los Avante junto a la argentina interpretando el tema en lo que parece ser la recepci\u00f3n de una boda.<\/p>\n\n\n\n<p>\u201cEsta es una colaboraci\u00f3n muy importante para m\u00ed, y no puedo estar m\u00e1s feliz de que sea con Los \u00c1ngeles Azules. Ellos han sido la banda sonora de mi casa y fiestas familiares, y eso es lo que quisimos reflejar en el video con mi familia siendo parte porque sentimos que es la esencia de la canci\u00f3n\u201d, coment\u00f3 Becerra sobre el lanzamiento.<\/p>\n\n\n\n<p>Esta colaboraci\u00f3n llega en un momento en el que Los \u00c1ngeles Azules se preparan para presentar su pr\u00f3ximo disco, y \u2018El Amor de Mi Vida\u2019 ya se posiciona como uno de los temas destacados de esta nueva etapa musical. El lanzamiento llega antecedido por otras colaboraciones con artistas como Santa Fe Klan y Cazzu, que, aparentemente, tambi\u00e9n har\u00e1n parte de su siguiente entrega.<\/p>\n\n\n\n<p>Mientras tanto, la banda originaria de M\u00e9xico se encuentra celebrando 40 a\u00f1os de trayectoria con una gira que los ha llevado a trav\u00e9s de diferentes ciudades de Estados Unidos y Latinoam\u00e9rica. Por<\/p>\n\n\n\n<p>lo pronto, puedes escuchar \u2018El Amor de Mi Vida\u2019 ya disponible en todas las plataformas digitales.<\/p>\n\n\n\n<figure class=\"wp-block-embed is-type-video is-provider-youtube wp-block-embed-youtube wp-embed-aspect-16-9 wp-has-aspect-ratio\"><div class=\"wp-block-embed__wrapper\">\n<div class=\"ast-oembed-container\" style=\"height: 100%;\"><iframe loading=\"lazy\" title=\"Los \u00c1ngeles Azules, Maria Becerra - El Amor de Mi Vida\" width=\"500\" height=\"281\" src=\"https:\/\/www.youtube.com\/embed\/CaSCapHZhc0?feature=oembed\" frameborder=\"0\" allow=\"accelerometer; autoplay; clipboard-write; encrypted-media; gyroscope; picture-in-picture; web-share\" referrerpolicy=\"strict-origin-when-cross-origin\" allowfullscreen><\/iframe><\/div>\n<\/div><\/figure>\n","protected":false},"excerpt":{"rendered":"<p>Los \u00c1ngeles Azules han unido fuerzas con Mar\u00eda Becerra para presentar su nuevo sencillo \u2018El Amor de Mi Vida\u2019. Con m\u00e1s de cuatro d\u00e9cadas de historia musical, la agrupaci\u00f3n de cumbia a\u00f1aden este lanzamiento al repertorio de colaboraciones que tienen con artistas internacionales. En esta ocasi\u00f3n, han cruzado fronteras hasta llegar a argentina para unirse &hellip;<\/p>\n<p class=\"read-more\"> <a class=\"\" href=\"https:\/\/lanortenita917.com.mx\/index.php\/2023\/08\/22\/los-angeles-azules-y-maria-becerra-se-unen-en-el-amor-de-mi-vida\/\"> <span class=\"screen-reader-text\">Los \u00c1ngeles Azules y Mar\u00eda Becerra se unen en \u2018El Amor de Mi Vida\u2018<\/span> Leer m\u00e1s &raquo;<\/a><\/p>\n","protected":false},"author":7,"featured_media":77669,"comment_status":"closed","ping_status":"closed","sticky":false,"template":"","format":"standard","meta":{"site-sidebar-layout":"default","site-content-layout":"","ast-site-content-layout":"","site-content-style":"default","site-sidebar-style":"default","ast-global-header-display":"","ast-banner-title-visibility":"","ast-main-header-display":"","ast-hfb-above-header-display":"","ast-hfb-below-header-display":"","ast-hfb-mobile-header-display":"","site-post-title":"","ast-breadcrumbs-content":"","ast-featured-img":"","footer-sml-layout":"","theme-transparent-header-meta":"","adv-header-id-meta":"","stick-header-meta":"","header-above-stick-meta":"","header-main-stick-meta":"","header-below-stick-meta":"","astra-migrate-meta-layouts":"","footnotes":""},"categories":[8,10,12,11],"tags":[],"class_list":["post-77664","post","type-post","status-publish","format-standard","has-post-thumbnail","hentry","category-espectaculos","category-notaslanortenita","category-notasmagiadigital","category-ocio"],"_links":{"self":[{"href":"https:\/\/lanortenita917.com.mx\/index.php\/wp-json\/wp\/v2\/posts\/77664","targetHints":{"allow":["GET"]}}],"collection":[{"href":"https:\/\/lanortenita917.com.mx\/index.php\/wp-json\/wp\/v2\/posts"}],"about":[{"href":"https:\/\/lanortenita917.com.mx\/index.php\/wp-json\/wp\/v2\/types\/post"}],"author":[{"embeddable":true,"href":"https:\/\/lanortenita917.com.mx\/index.php\/wp-json\/wp\/v2\/users\/7"}],"replies":[{"embeddable":true,"href":"https:\/\/lanortenita917.com.mx\/index.php\/wp-json\/wp\/v2\/comments?post=77664"}],"version-history":[{"count":1,"href":"https:\/\/lanortenita917.com.mx\/index.php\/wp-json\/wp\/v2\/posts\/77664\/revisions"}],"predecessor-version":[{"id":77665,"href":"https:\/\/lanortenita917.com.mx\/index.php\/wp-json\/wp\/v2\/posts\/77664\/revisions\/77665"}],"wp:featuredmedia":[{"embeddable":true,"href":"https:\/\/lanortenita917.com.mx\/index.php\/wp-json\/wp\/v2\/media\/77669"}],"wp:attachment":[{"href":"https:\/\/lanortenita917.com.mx\/index.php\/wp-json\/wp\/v2\/media?parent=77664"}],"wp:term":[{"taxonomy":"category","embeddable":true,"href":"https:\/\/lanortenita917.com.mx\/index.php\/wp-json\/wp\/v2\/categories?post=77664"},{"taxonomy":"post_tag","embeddable":true,"href":"https:\/\/lanortenita917.com.mx\/index.php\/wp-json\/wp\/v2\/tags?post=77664"}],"curies":[{"name":"wp","href":"https:\/\/api.w.org\/{rel}","templated":true}]}}