{"id":76999,"date":"2023-08-17T17:37:01","date_gmt":"2023-08-17T17:37:01","guid":{"rendered":"https:\/\/enblancoynegro.com.mx\/?p=76999"},"modified":"2023-08-17T17:37:02","modified_gmt":"2023-08-17T17:37:02","slug":"christian-nodal-de-otaku-a-cantante-regional","status":"publish","type":"post","link":"https:\/\/lanortenita917.com.mx\/index.php\/2023\/08\/17\/christian-nodal-de-otaku-a-cantante-regional\/","title":{"rendered":"Christian Nodal: De Otaku a Cantante Regional"},"content":{"rendered":"\n<p>El cantante regional Christian Nodal ha compartido sinceramente detalles de su pasado antes de convertirse en una estrella de la m\u00fasica. En una entrevista para el canal de YouTube de Mario Ch\u00e1vez, Nodal revel\u00f3 que durante su adolescencia era un otaku, un aficionado a los videojuegos y que no disfrutaba de las fiestas.<\/p>\n\n\n\n<p>El artista confes\u00f3 que le gustaban algunas series de anime japonesas y que tambi\u00e9n era aficionado a los videojuegos, incluyendo &#8220;League of Legends&#8221;. A pesar de su \u00e9xito actual, Nodal admiti\u00f3 que no sab\u00eda bailar hasta los 19 o 20 a\u00f1os, y que aprendi\u00f3 a bailar despu\u00e9s de ya ser conocido en la industria musical.<\/p>\n\n\n\n<p>En su etapa escolar, Nodal describi\u00f3 c\u00f3mo era alguien que prefer\u00eda quedarse en un segundo plano y no causar problemas. Le gustaba dibujar y escribir poes\u00eda, y ten\u00eda un amigo cercano que lo defend\u00eda en situaciones de conflicto. Coment\u00f3 que ten\u00eda una inclinaci\u00f3n por las relaciones sentimentales y que iba a la escuela buscando enamorarse.<\/p>\n\n\n\n<p>Nodal tambi\u00e9n comparti\u00f3 detalles de su entorno familiar, mencionando que proven\u00eda de una familia de m\u00fasicos en Caborca, Sonora. Su madre manten\u00eda la unidad familiar a trav\u00e9s de la m\u00fasica, ya que su padre, tambi\u00e9n m\u00fasico, pasaba poco tiempo en casa debido a su profesi\u00f3n.<\/p>\n\n\n\n<figure class=\"wp-block-image size-full\"><img decoding=\"async\" src=\"https:\/\/enblancoynegro.com.mx\/wp-content\/uploads\/2023\/08\/OTAKU02.png\" alt=\"\" class=\"wp-image-77001\"\/><\/figure>\n\n\n\n<p>El cantante subray\u00f3 que su madre fue una influencia crucial en su vida y que la m\u00fasica hab\u00eda desempe\u00f1ado un papel importante en mantener a la familia conectada. A pesar de los desaf\u00edos que enfrentaron, Nodal se\u00f1al\u00f3 que la m\u00fasica siempre hab\u00eda estado presente en su hogar y que finalmente sigui\u00f3 los pasos de su familia al entrar en la industria musical.<\/p>\n\n\n\n<p>As\u00ed, Christian Nodal dej\u00f3 atr\u00e1s su pasado de otaku y gamer para convertirse en una exitosa estrella de la m\u00fasica regional mexicana, compartiendo su historia y experiencia con sus seguidores.<\/p>\n","protected":false},"excerpt":{"rendered":"<p>El cantante regional Christian Nodal ha compartido sinceramente detalles de su pasado antes de convertirse en una estrella de la m\u00fasica. En una entrevista para el canal de YouTube de Mario Ch\u00e1vez, Nodal revel\u00f3 que durante su adolescencia era un otaku, un aficionado a los videojuegos y que no disfrutaba de las fiestas. El artista &hellip;<\/p>\n<p class=\"read-more\"> <a class=\"\" href=\"https:\/\/lanortenita917.com.mx\/index.php\/2023\/08\/17\/christian-nodal-de-otaku-a-cantante-regional\/\"> <span class=\"screen-reader-text\">Christian Nodal: De Otaku a Cantante Regional<\/span> Leer m\u00e1s &raquo;<\/a><\/p>\n","protected":false},"author":7,"featured_media":77008,"comment_status":"closed","ping_status":"closed","sticky":false,"template":"","format":"standard","meta":{"site-sidebar-layout":"default","site-content-layout":"","ast-site-content-layout":"","site-content-style":"default","site-sidebar-style":"default","ast-global-header-display":"","ast-banner-title-visibility":"","ast-main-header-display":"","ast-hfb-above-header-display":"","ast-hfb-below-header-display":"","ast-hfb-mobile-header-display":"","site-post-title":"","ast-breadcrumbs-content":"","ast-featured-img":"","footer-sml-layout":"","theme-transparent-header-meta":"","adv-header-id-meta":"","stick-header-meta":"","header-above-stick-meta":"","header-main-stick-meta":"","header-below-stick-meta":"","astra-migrate-meta-layouts":"","footnotes":""},"categories":[8,10,12,11],"tags":[],"class_list":["post-76999","post","type-post","status-publish","format-standard","has-post-thumbnail","hentry","category-espectaculos","category-notaslanortenita","category-notasmagiadigital","category-ocio"],"_links":{"self":[{"href":"https:\/\/lanortenita917.com.mx\/index.php\/wp-json\/wp\/v2\/posts\/76999","targetHints":{"allow":["GET"]}}],"collection":[{"href":"https:\/\/lanortenita917.com.mx\/index.php\/wp-json\/wp\/v2\/posts"}],"about":[{"href":"https:\/\/lanortenita917.com.mx\/index.php\/wp-json\/wp\/v2\/types\/post"}],"author":[{"embeddable":true,"href":"https:\/\/lanortenita917.com.mx\/index.php\/wp-json\/wp\/v2\/users\/7"}],"replies":[{"embeddable":true,"href":"https:\/\/lanortenita917.com.mx\/index.php\/wp-json\/wp\/v2\/comments?post=76999"}],"version-history":[{"count":1,"href":"https:\/\/lanortenita917.com.mx\/index.php\/wp-json\/wp\/v2\/posts\/76999\/revisions"}],"predecessor-version":[{"id":77006,"href":"https:\/\/lanortenita917.com.mx\/index.php\/wp-json\/wp\/v2\/posts\/76999\/revisions\/77006"}],"wp:featuredmedia":[{"embeddable":true,"href":"https:\/\/lanortenita917.com.mx\/index.php\/wp-json\/wp\/v2\/media\/77008"}],"wp:attachment":[{"href":"https:\/\/lanortenita917.com.mx\/index.php\/wp-json\/wp\/v2\/media?parent=76999"}],"wp:term":[{"taxonomy":"category","embeddable":true,"href":"https:\/\/lanortenita917.com.mx\/index.php\/wp-json\/wp\/v2\/categories?post=76999"},{"taxonomy":"post_tag","embeddable":true,"href":"https:\/\/lanortenita917.com.mx\/index.php\/wp-json\/wp\/v2\/tags?post=76999"}],"curies":[{"name":"wp","href":"https:\/\/api.w.org\/{rel}","templated":true}]}}