{"id":75756,"date":"2023-08-10T20:05:34","date_gmt":"2023-08-10T20:05:34","guid":{"rendered":"https:\/\/enblancoynegro.com.mx\/?p=75756"},"modified":"2023-08-10T20:05:34","modified_gmt":"2023-08-10T20:05:34","slug":"los-tigres-del-norte-le-responden-a-carin-leon-quien-declaro-que-la-musica-regional-no-vale-la-pena","status":"publish","type":"post","link":"https:\/\/lanortenita917.com.mx\/index.php\/2023\/08\/10\/los-tigres-del-norte-le-responden-a-carin-leon-quien-declaro-que-la-musica-regional-no-vale-la-pena\/","title":{"rendered":"Los Tigres del Norte le responden a Car\u00edn Le\u00f3n, quien declar\u00f3 que la m\u00fasica regional no vale la pena"},"content":{"rendered":"\n<p>Una nueva rivalidad parece estar tomando forma en el mundo de la m\u00fasica regional mexicana, ya que Los Tigres del Norte, una de las bandas m\u00e1s ic\u00f3nicas del g\u00e9nero, respondieron contundentemente a las declaraciones controversiales de Car\u00edn Le\u00f3n, un cantante muy popular en la actualidad.<\/p>\n\n\n\n<p>En una entrevista con la prensa, Los Tigres del Norte fueron cuestionados sobre los comentarios de Car\u00edn Le\u00f3n, quien hab\u00eda expresado que la m\u00fasica regional mexicana no val\u00eda la pena. Los miembros de Los Tigres del Norte no se contuvieron y compartieron su opini\u00f3n al respecto.<\/p>\n\n\n\n<p>En el programa matutino &#8220;Sale El Sol&#8221;, Los Tigres del Norte afirmaron que la m\u00fasica regional mexicana no es ni m\u00e1s ni menos que cualquier otro g\u00e9nero musical, pero destacaron su autenticidad y originalidad, ya que representa la m\u00fasica del pueblo. Resaltaron que no es solo un g\u00e9nero musical, sino una expresi\u00f3n aut\u00e9ntica de la cultura y las experiencias del pueblo mexicano.<\/p>\n\n\n\n<figure class=\"wp-block-image size-full\"><img decoding=\"async\" src=\"https:\/\/enblancoynegro.com.mx\/wp-content\/uploads\/2023\/08\/tigres02.png\" alt=\"\" class=\"wp-image-75758\"\/><\/figure>\n\n\n\n<p>La banda expres\u00f3 su orgullo por el hecho de que sus canciones sean escuchadas en diversos pa\u00edses alrededor del mundo, y consideran que esto ha contribuido al \u00e9xito que han logrado a lo largo de su carrera. Asimismo, se\u00f1alaron que la m\u00fasica mexicana tiene un alcance internacional significativo y es apreciada en muchas partes del mundo.<\/p>\n\n\n\n<p>Esta respuesta de Los Tigres del Norte a los comentarios de Car\u00edn Le\u00f3n refleja la pasi\u00f3n y el compromiso que los artistas tienen con su g\u00e9nero musical y su herencia cultural. La m\u00fasica regional mexicana ha sido un pilar en la identidad musical de M\u00e9xico y ha tenido un impacto profundo tanto a nivel nacional como internacional.<\/p>\n","protected":false},"excerpt":{"rendered":"<p>Una nueva rivalidad parece estar tomando forma en el mundo de la m\u00fasica regional mexicana, ya que Los Tigres del Norte, una de las bandas m\u00e1s ic\u00f3nicas del g\u00e9nero, respondieron contundentemente a las declaraciones controversiales de Car\u00edn Le\u00f3n, un cantante muy popular en la actualidad. En una entrevista con la prensa, Los Tigres del Norte &hellip;<\/p>\n<p class=\"read-more\"> <a class=\"\" href=\"https:\/\/lanortenita917.com.mx\/index.php\/2023\/08\/10\/los-tigres-del-norte-le-responden-a-carin-leon-quien-declaro-que-la-musica-regional-no-vale-la-pena\/\"> <span class=\"screen-reader-text\">Los Tigres del Norte le responden a Car\u00edn Le\u00f3n, quien declar\u00f3 que la m\u00fasica regional no vale la pena<\/span> Leer m\u00e1s &raquo;<\/a><\/p>\n","protected":false},"author":7,"featured_media":75763,"comment_status":"closed","ping_status":"closed","sticky":false,"template":"","format":"standard","meta":{"site-sidebar-layout":"default","site-content-layout":"","ast-site-content-layout":"","site-content-style":"default","site-sidebar-style":"default","ast-global-header-display":"","ast-banner-title-visibility":"","ast-main-header-display":"","ast-hfb-above-header-display":"","ast-hfb-below-header-display":"","ast-hfb-mobile-header-display":"","site-post-title":"","ast-breadcrumbs-content":"","ast-featured-img":"","footer-sml-layout":"","theme-transparent-header-meta":"","adv-header-id-meta":"","stick-header-meta":"","header-above-stick-meta":"","header-main-stick-meta":"","header-below-stick-meta":"","astra-migrate-meta-layouts":"","footnotes":""},"categories":[8,10,12,11],"tags":[],"class_list":["post-75756","post","type-post","status-publish","format-standard","has-post-thumbnail","hentry","category-espectaculos","category-notaslanortenita","category-notasmagiadigital","category-ocio"],"_links":{"self":[{"href":"https:\/\/lanortenita917.com.mx\/index.php\/wp-json\/wp\/v2\/posts\/75756","targetHints":{"allow":["GET"]}}],"collection":[{"href":"https:\/\/lanortenita917.com.mx\/index.php\/wp-json\/wp\/v2\/posts"}],"about":[{"href":"https:\/\/lanortenita917.com.mx\/index.php\/wp-json\/wp\/v2\/types\/post"}],"author":[{"embeddable":true,"href":"https:\/\/lanortenita917.com.mx\/index.php\/wp-json\/wp\/v2\/users\/7"}],"replies":[{"embeddable":true,"href":"https:\/\/lanortenita917.com.mx\/index.php\/wp-json\/wp\/v2\/comments?post=75756"}],"version-history":[{"count":1,"href":"https:\/\/lanortenita917.com.mx\/index.php\/wp-json\/wp\/v2\/posts\/75756\/revisions"}],"predecessor-version":[{"id":75757,"href":"https:\/\/lanortenita917.com.mx\/index.php\/wp-json\/wp\/v2\/posts\/75756\/revisions\/75757"}],"wp:featuredmedia":[{"embeddable":true,"href":"https:\/\/lanortenita917.com.mx\/index.php\/wp-json\/wp\/v2\/media\/75763"}],"wp:attachment":[{"href":"https:\/\/lanortenita917.com.mx\/index.php\/wp-json\/wp\/v2\/media?parent=75756"}],"wp:term":[{"taxonomy":"category","embeddable":true,"href":"https:\/\/lanortenita917.com.mx\/index.php\/wp-json\/wp\/v2\/categories?post=75756"},{"taxonomy":"post_tag","embeddable":true,"href":"https:\/\/lanortenita917.com.mx\/index.php\/wp-json\/wp\/v2\/tags?post=75756"}],"curies":[{"name":"wp","href":"https:\/\/api.w.org\/{rel}","templated":true}]}}