{"id":75313,"date":"2023-08-08T19:36:47","date_gmt":"2023-08-08T19:36:47","guid":{"rendered":"https:\/\/lanortenita917.com.mx\/?p=75313"},"modified":"2023-08-08T19:36:47","modified_gmt":"2023-08-08T19:36:47","slug":"karol-g-confirma-colaboracion-con-peso-pluma-en-su-proximo-album","status":"publish","type":"post","link":"https:\/\/lanortenita917.com.mx\/index.php\/2023\/08\/08\/karol-g-confirma-colaboracion-con-peso-pluma-en-su-proximo-album\/","title":{"rendered":"Karol G confirma colaboraci\u00f3n con Peso Pluma en su pr\u00f3ximo \u00e1lbum"},"content":{"rendered":"\n<p>El \u00e9xito de Peso Pluma se ha convertido en uno de los fen\u00f3menos m\u00e1s asombrosos de este a\u00f1o. El cantante mexicano ha logrado posicionar varias de sus canciones entre las m\u00e1s escuchadas a nivel mundial. Ahora, este int\u00e9rprete de corridos tumbados se unir\u00e1 a Karol G, una de las estrellas m\u00e1s brillantes en el panorama de la m\u00fasica urbana actual. Fue a trav\u00e9s de sus plataformas de redes sociales que la artista colombiana sorprendi\u00f3 a sus seguidores al anunciar una colaboraci\u00f3n con Peso Pluma.<\/p>\n\n\n\n<p>Mediante un video publicado en su cuenta de Instagram, Karol G revel\u00f3 que la segunda parte de su \u00e1lbum &#8220;Ma\u00f1ana Ser\u00e1 Bonito&#8221; se lanzar\u00e1 el 10 de agosto e incluir\u00e1 varias colaboraciones con destacados artistas del panorama musical.<\/p>\n\n\n\n<figure class=\"wp-block-image size-full\"><img loading=\"lazy\" decoding=\"async\" width=\"1013\" height=\"571\" src=\"https:\/\/lanortenita917.com.mx\/wp-content\/uploads\/2023\/08\/g03.png\" alt=\"\" class=\"wp-image-75315\" srcset=\"https:\/\/lanortenita917.com.mx\/wp-content\/uploads\/2023\/08\/g03.png 1013w, https:\/\/lanortenita917.com.mx\/wp-content\/uploads\/2023\/08\/g03-300x169.png 300w, https:\/\/lanortenita917.com.mx\/wp-content\/uploads\/2023\/08\/g03-768x433.png 768w\" sizes=\"auto, (max-width: 1013px) 100vw, 1013px\" \/><\/figure>\n\n\n\n<p>&#8220;Me encantar\u00eda encontrar las palabras precisas para describir lo que este &#8216;season&#8217; significa para m\u00ed. MA\u00d1ANA SER\u00c1 BONITO &#8211; Parte B &#8211; temporada de perreo, temporada de bellaqueo y, \u00bfpor qu\u00e9 no?, tambi\u00e9n de romantiqueo&#8221;, expres\u00f3 Karol G.<\/p>\n\n\n\n<p>Junto con este anuncio, la int\u00e9rprete de &#8220;Bichota&#8221; comparti\u00f3 la lista de canciones que formar\u00e1n parte de la segunda parte de su \u00e1lbum &#8220;Ma\u00f1ana Ser\u00e1 Bonito&#8221;. Lo que m\u00e1s llam\u00f3 la atenci\u00f3n fue el quinto track, titulado &#8220;Qlona&#8221;, en colaboraci\u00f3n con Peso Pluma.<\/p>\n\n\n\n<p>Los artistas compartieron un adelanto de la canci\u00f3n, mostrando un ritmo de reguet\u00f3n cl\u00e1sico con la participaci\u00f3n de estos dos nombres destacados.<\/p>\n","protected":false},"excerpt":{"rendered":"<p>El \u00e9xito de Peso Pluma se ha convertido en uno de los fen\u00f3menos m\u00e1s asombrosos de este a\u00f1o. El cantante mexicano ha logrado posicionar varias de sus canciones entre las m\u00e1s escuchadas a nivel mundial. Ahora, este int\u00e9rprete de corridos tumbados se unir\u00e1 a Karol G, una de las estrellas m\u00e1s brillantes en el panorama &hellip;<\/p>\n<p class=\"read-more\"> <a class=\"\" href=\"https:\/\/lanortenita917.com.mx\/index.php\/2023\/08\/08\/karol-g-confirma-colaboracion-con-peso-pluma-en-su-proximo-album\/\"> <span class=\"screen-reader-text\">Karol G confirma colaboraci\u00f3n con Peso Pluma en su pr\u00f3ximo \u00e1lbum<\/span> Leer m\u00e1s &raquo;<\/a><\/p>\n","protected":false},"author":7,"featured_media":75314,"comment_status":"open","ping_status":"open","sticky":false,"template":"","format":"standard","meta":{"site-sidebar-layout":"default","site-content-layout":"","ast-site-content-layout":"","site-content-style":"default","site-sidebar-style":"default","ast-global-header-display":"","ast-banner-title-visibility":"","ast-main-header-display":"","ast-hfb-above-header-display":"","ast-hfb-below-header-display":"","ast-hfb-mobile-header-display":"","site-post-title":"","ast-breadcrumbs-content":"","ast-featured-img":"","footer-sml-layout":"","theme-transparent-header-meta":"","adv-header-id-meta":"","stick-header-meta":"","header-above-stick-meta":"","header-main-stick-meta":"","header-below-stick-meta":"","astra-migrate-meta-layouts":"","footnotes":""},"categories":[8,10],"tags":[],"class_list":["post-75313","post","type-post","status-publish","format-standard","has-post-thumbnail","hentry","category-espectaculos","category-notaslanortenita"],"_links":{"self":[{"href":"https:\/\/lanortenita917.com.mx\/index.php\/wp-json\/wp\/v2\/posts\/75313","targetHints":{"allow":["GET"]}}],"collection":[{"href":"https:\/\/lanortenita917.com.mx\/index.php\/wp-json\/wp\/v2\/posts"}],"about":[{"href":"https:\/\/lanortenita917.com.mx\/index.php\/wp-json\/wp\/v2\/types\/post"}],"author":[{"embeddable":true,"href":"https:\/\/lanortenita917.com.mx\/index.php\/wp-json\/wp\/v2\/users\/7"}],"replies":[{"embeddable":true,"href":"https:\/\/lanortenita917.com.mx\/index.php\/wp-json\/wp\/v2\/comments?post=75313"}],"version-history":[{"count":1,"href":"https:\/\/lanortenita917.com.mx\/index.php\/wp-json\/wp\/v2\/posts\/75313\/revisions"}],"predecessor-version":[{"id":75316,"href":"https:\/\/lanortenita917.com.mx\/index.php\/wp-json\/wp\/v2\/posts\/75313\/revisions\/75316"}],"wp:featuredmedia":[{"embeddable":true,"href":"https:\/\/lanortenita917.com.mx\/index.php\/wp-json\/wp\/v2\/media\/75314"}],"wp:attachment":[{"href":"https:\/\/lanortenita917.com.mx\/index.php\/wp-json\/wp\/v2\/media?parent=75313"}],"wp:term":[{"taxonomy":"category","embeddable":true,"href":"https:\/\/lanortenita917.com.mx\/index.php\/wp-json\/wp\/v2\/categories?post=75313"},{"taxonomy":"post_tag","embeddable":true,"href":"https:\/\/lanortenita917.com.mx\/index.php\/wp-json\/wp\/v2\/tags?post=75313"}],"curies":[{"name":"wp","href":"https:\/\/api.w.org\/{rel}","templated":true}]}}