{"id":74437,"date":"2023-08-02T20:50:30","date_gmt":"2023-08-02T20:50:30","guid":{"rendered":"https:\/\/enblancoynegro.com.mx\/?p=74437"},"modified":"2023-08-02T20:50:31","modified_gmt":"2023-08-02T20:50:31","slug":"nueva-colaboracion-entre-grupo-frontera-y-grupo-firme","status":"publish","type":"post","link":"https:\/\/lanortenita917.com.mx\/index.php\/2023\/08\/02\/nueva-colaboracion-entre-grupo-frontera-y-grupo-firme\/","title":{"rendered":"Nueva Colaboraci\u00f3n entre Grupo Frontera y Grupo Firme"},"content":{"rendered":"\n<p>La colaboraci\u00f3n entre Grupo Frontera y Grupo Firme, dos de las agrupaciones m\u00e1s queridas por el p\u00fablico en los \u00faltimos a\u00f1os, promete ser uno de los temas m\u00e1s escuchados en la segunda mitad del a\u00f1o 2023. Los seguidores de la banda mexicana han estado esperando ansiosamente esta colaboraci\u00f3n, ya que desde hace algunos meses cuestionaron a sus fan\u00e1ticos sobre con qui\u00e9n les gustar\u00eda que fuera su pr\u00f3xima colaboraci\u00f3n musical, y la mayor\u00eda coincidi\u00f3 en que ser\u00eda con Grupo Firme.<\/p>\n\n\n\n<figure class=\"wp-block-image size-full\"><img decoding=\"async\" src=\"https:\/\/enblancoynegro.com.mx\/wp-content\/uploads\/2023\/08\/frontera02.png\" alt=\"\" class=\"wp-image-74439\"\/><\/figure>\n\n\n\n<p>Ambas agrupaciones no dudaron en unir fuerzas y se reunieron con Eduin Caz y los dem\u00e1s integrantes de Grupo Firme para grabar una canci\u00f3n de desamor desgarradora titulada &#8220;El Amor De Su Vida&#8221;. Aunque ya se ha publicado un breve adelanto de la canci\u00f3n en las redes sociales oficiales de ambos grupos, los fan\u00e1ticos tendr\u00e1n que esperar un par de d\u00edas m\u00e1s para escucharla completa. La colaboraci\u00f3n estar\u00e1 disponible el pr\u00f3ximo 3 de agosto, y al mismo tiempo, Grupo Frontera estrenar\u00e1 su primer disco, donde, por supuesto, estar\u00e1 incluida &#8220;El Amor De Su Vida&#8221;.<\/p>\n\n\n\n<p>Esta emocionante colaboraci\u00f3n sin duda traer\u00e1 nuevos \u00e9xitos a ambas agrupaciones y ofrecer\u00e1 a los fans una canci\u00f3n conmovedora y llena de sentimiento. Los seguidores de ambas bandas estar\u00e1n atentos a este lanzamiento y sin duda marcar\u00e1 un hito importante en la carrera de Grupo Frontera y Grupo Firme.<\/p>\n","protected":false},"excerpt":{"rendered":"<p>La colaboraci\u00f3n entre Grupo Frontera y Grupo Firme, dos de las agrupaciones m\u00e1s queridas por el p\u00fablico en los \u00faltimos a\u00f1os, promete ser uno de los temas m\u00e1s escuchados en la segunda mitad del a\u00f1o 2023. Los seguidores de la banda mexicana han estado esperando ansiosamente esta colaboraci\u00f3n, ya que desde hace algunos meses cuestionaron &hellip;<\/p>\n<p class=\"read-more\"> <a class=\"\" href=\"https:\/\/lanortenita917.com.mx\/index.php\/2023\/08\/02\/nueva-colaboracion-entre-grupo-frontera-y-grupo-firme\/\"> <span class=\"screen-reader-text\">Nueva Colaboraci\u00f3n entre Grupo Frontera y Grupo Firme<\/span> Leer m\u00e1s &raquo;<\/a><\/p>\n","protected":false},"author":7,"featured_media":74441,"comment_status":"closed","ping_status":"closed","sticky":false,"template":"","format":"standard","meta":{"site-sidebar-layout":"default","site-content-layout":"","ast-site-content-layout":"","site-content-style":"default","site-sidebar-style":"default","ast-global-header-display":"","ast-banner-title-visibility":"","ast-main-header-display":"","ast-hfb-above-header-display":"","ast-hfb-below-header-display":"","ast-hfb-mobile-header-display":"","site-post-title":"","ast-breadcrumbs-content":"","ast-featured-img":"","footer-sml-layout":"","theme-transparent-header-meta":"","adv-header-id-meta":"","stick-header-meta":"","header-above-stick-meta":"","header-main-stick-meta":"","header-below-stick-meta":"","astra-migrate-meta-layouts":"","footnotes":""},"categories":[8,10,11],"tags":[],"class_list":["post-74437","post","type-post","status-publish","format-standard","has-post-thumbnail","hentry","category-espectaculos","category-notaslanortenita","category-ocio"],"_links":{"self":[{"href":"https:\/\/lanortenita917.com.mx\/index.php\/wp-json\/wp\/v2\/posts\/74437","targetHints":{"allow":["GET"]}}],"collection":[{"href":"https:\/\/lanortenita917.com.mx\/index.php\/wp-json\/wp\/v2\/posts"}],"about":[{"href":"https:\/\/lanortenita917.com.mx\/index.php\/wp-json\/wp\/v2\/types\/post"}],"author":[{"embeddable":true,"href":"https:\/\/lanortenita917.com.mx\/index.php\/wp-json\/wp\/v2\/users\/7"}],"replies":[{"embeddable":true,"href":"https:\/\/lanortenita917.com.mx\/index.php\/wp-json\/wp\/v2\/comments?post=74437"}],"version-history":[{"count":1,"href":"https:\/\/lanortenita917.com.mx\/index.php\/wp-json\/wp\/v2\/posts\/74437\/revisions"}],"predecessor-version":[{"id":74438,"href":"https:\/\/lanortenita917.com.mx\/index.php\/wp-json\/wp\/v2\/posts\/74437\/revisions\/74438"}],"wp:featuredmedia":[{"embeddable":true,"href":"https:\/\/lanortenita917.com.mx\/index.php\/wp-json\/wp\/v2\/media\/74441"}],"wp:attachment":[{"href":"https:\/\/lanortenita917.com.mx\/index.php\/wp-json\/wp\/v2\/media?parent=74437"}],"wp:term":[{"taxonomy":"category","embeddable":true,"href":"https:\/\/lanortenita917.com.mx\/index.php\/wp-json\/wp\/v2\/categories?post=74437"},{"taxonomy":"post_tag","embeddable":true,"href":"https:\/\/lanortenita917.com.mx\/index.php\/wp-json\/wp\/v2\/tags?post=74437"}],"curies":[{"name":"wp","href":"https:\/\/api.w.org\/{rel}","templated":true}]}}