{"id":73234,"date":"2023-07-27T22:50:12","date_gmt":"2023-07-27T22:50:12","guid":{"rendered":"https:\/\/enblancoynegro.com.mx\/?p=73234"},"modified":"2023-07-27T22:50:13","modified_gmt":"2023-07-27T22:50:13","slug":"muere-federico-estevan-fundador-de-grupo-pegasso","status":"publish","type":"post","link":"https:\/\/lanortenita917.com.mx\/index.php\/2023\/07\/27\/muere-federico-estevan-fundador-de-grupo-pegasso\/","title":{"rendered":"Muere Federico Estevan, fundador de Grupo Pegasso"},"content":{"rendered":"\n<p>Es una noticia muy triste para el mundo de la m\u00fasica tropical, el fallecimiento de Federico &#8220;El Pollo&#8221; Estevan, fundador y director de Grupo Pegasso. A trav\u00e9s de redes sociales, la agrupaci\u00f3n confirm\u00f3 que Estevan muri\u00f3 el 24 de julio en su casa en McAllen, Texas, por causas naturales y rodeado de sus seres queridos.<\/p>\n\n\n\n<p>El legado de &#8220;El Pollo&#8221; Estevan y Grupo Pegasso perdurar\u00e1 a trav\u00e9s de su estilo musical \u00fanico y canciones que han tra\u00eddo alegr\u00eda e inspiraci\u00f3n a varias generaciones. La banda asegur\u00f3 que seguir\u00e1n con el estilo que los caracteriza y que su deseo era que Pegasso continuara llevando alegr\u00eda a su querido p\u00fablico que los ha apoyado durante tantos a\u00f1os.<\/p>\n\n\n\n<figure class=\"wp-block-image size-full\"><img decoding=\"async\" src=\"https:\/\/enblancoynegro.com.mx\/wp-content\/uploads\/2023\/07\/pegaso02.jpg\" alt=\"\" class=\"wp-image-73236\"\/><\/figure>\n\n\n\n<p>Grupo Pegasso ha sido una de las agrupaciones ic\u00f3nicas en la m\u00fasica tropical desde su formaci\u00f3n en 1979 en Cerralvo, Nuevo Le\u00f3n, M\u00e9xico. Han dejado \u00e9xitos como &#8216;Cosas del amor&#8217;, &#8216;Tambalea&#8217;, &#8216;La vi llorar&#8217;, &#8216;Mec\u00e1nico de amor&#8217;, &#8216;Adolescente y bonita&#8217;, entre otros.<\/p>\n\n\n\n<p>El mundo musical se encuentra de luto por esta p\u00e9rdida, y compa\u00f1eros del medio, como Bronco y Liberaci\u00f3n, han expresado sus condolencias y solidaridad con la familia de &#8220;El Pollo&#8221; Estevan. Sin duda, su m\u00fasica y talento dejar\u00e1n una huella imborrable en la historia de la m\u00fasica tropical.<\/p>\n\n\n\n<figure class=\"wp-block-image size-full\"><img decoding=\"async\" src=\"https:\/\/enblancoynegro.com.mx\/wp-content\/uploads\/2023\/07\/pegaso03-scaled.jpg\" alt=\"\" class=\"wp-image-73237\"\/><\/figure>\n","protected":false},"excerpt":{"rendered":"<p>Es una noticia muy triste para el mundo de la m\u00fasica tropical, el fallecimiento de Federico &#8220;El Pollo&#8221; Estevan, fundador y director de Grupo Pegasso. A trav\u00e9s de redes sociales, la agrupaci\u00f3n confirm\u00f3 que Estevan muri\u00f3 el 24 de julio en su casa en McAllen, Texas, por causas naturales y rodeado de sus seres queridos. &hellip;<\/p>\n<p class=\"read-more\"> <a class=\"\" href=\"https:\/\/lanortenita917.com.mx\/index.php\/2023\/07\/27\/muere-federico-estevan-fundador-de-grupo-pegasso\/\"> <span class=\"screen-reader-text\">Muere Federico Estevan, fundador de Grupo Pegasso<\/span> Leer m\u00e1s &raquo;<\/a><\/p>\n","protected":false},"author":7,"featured_media":73237,"comment_status":"closed","ping_status":"closed","sticky":false,"template":"","format":"standard","meta":{"site-sidebar-layout":"default","site-content-layout":"","ast-site-content-layout":"","site-content-style":"default","site-sidebar-style":"default","ast-global-header-display":"","ast-banner-title-visibility":"","ast-main-header-display":"","ast-hfb-above-header-display":"","ast-hfb-below-header-display":"","ast-hfb-mobile-header-display":"","site-post-title":"","ast-breadcrumbs-content":"","ast-featured-img":"","footer-sml-layout":"","theme-transparent-header-meta":"","adv-header-id-meta":"","stick-header-meta":"","header-above-stick-meta":"","header-main-stick-meta":"","header-below-stick-meta":"","astra-migrate-meta-layouts":"","footnotes":""},"categories":[8,10,11],"tags":[],"class_list":["post-73234","post","type-post","status-publish","format-standard","has-post-thumbnail","hentry","category-espectaculos","category-notaslanortenita","category-ocio"],"_links":{"self":[{"href":"https:\/\/lanortenita917.com.mx\/index.php\/wp-json\/wp\/v2\/posts\/73234","targetHints":{"allow":["GET"]}}],"collection":[{"href":"https:\/\/lanortenita917.com.mx\/index.php\/wp-json\/wp\/v2\/posts"}],"about":[{"href":"https:\/\/lanortenita917.com.mx\/index.php\/wp-json\/wp\/v2\/types\/post"}],"author":[{"embeddable":true,"href":"https:\/\/lanortenita917.com.mx\/index.php\/wp-json\/wp\/v2\/users\/7"}],"replies":[{"embeddable":true,"href":"https:\/\/lanortenita917.com.mx\/index.php\/wp-json\/wp\/v2\/comments?post=73234"}],"version-history":[{"count":1,"href":"https:\/\/lanortenita917.com.mx\/index.php\/wp-json\/wp\/v2\/posts\/73234\/revisions"}],"predecessor-version":[{"id":73235,"href":"https:\/\/lanortenita917.com.mx\/index.php\/wp-json\/wp\/v2\/posts\/73234\/revisions\/73235"}],"wp:featuredmedia":[{"embeddable":true,"href":"https:\/\/lanortenita917.com.mx\/index.php\/wp-json\/wp\/v2\/media\/73237"}],"wp:attachment":[{"href":"https:\/\/lanortenita917.com.mx\/index.php\/wp-json\/wp\/v2\/media?parent=73234"}],"wp:term":[{"taxonomy":"category","embeddable":true,"href":"https:\/\/lanortenita917.com.mx\/index.php\/wp-json\/wp\/v2\/categories?post=73234"},{"taxonomy":"post_tag","embeddable":true,"href":"https:\/\/lanortenita917.com.mx\/index.php\/wp-json\/wp\/v2\/tags?post=73234"}],"curies":[{"name":"wp","href":"https:\/\/api.w.org\/{rel}","templated":true}]}}