{"id":2111,"date":"2023-07-11T20:33:04","date_gmt":"2023-07-11T20:33:04","guid":{"rendered":"https:\/\/lanortenita917.com.mx\/?p=2111"},"modified":"2023-07-11T20:33:23","modified_gmt":"2023-07-11T20:33:23","slug":"alejandro-fernandez-sorprende-a-fans-con-nuevo-look-que-incluye-unas-largas","status":"publish","type":"post","link":"https:\/\/lanortenita917.com.mx\/index.php\/2023\/07\/11\/alejandro-fernandez-sorprende-a-fans-con-nuevo-look-que-incluye-unas-largas\/","title":{"rendered":"Alejandro Fern\u00e1ndez sorprende a fans con nuevo look que incluye &#8216;u\u00f1as largas&#8217;"},"content":{"rendered":"\n<p>Alejandro Fern\u00e1ndez, el famoso cantante mexicano, ha generado pol\u00e9mica nuevamente despu\u00e9s de compartir en sus redes sociales una serie de im\u00e1genes en las que destaca una en la que luce unas ex\u00f3ticas y largas u\u00f1as.<\/p>\n\n\n\n<p>Las im\u00e1genes generaron reacciones inmediatas por parte de los internautas, volvi\u00e9ndose viral debido a las u\u00f1as y tambi\u00e9n porque anunci\u00f3 nueva m\u00fasica para sus fans. En la publicaci\u00f3n, el cantante comparti\u00f3 que est\u00e1 preparando nueva m\u00fasica y les pidi\u00f3 a sus seguidores que se preparen para grandes sorpresas. Mencion\u00f3 que vendr\u00e1 con m\u00fasica regional mexicana, mariachi, canciones tequileras, canciones de amor y rompevenas.<\/p>\n\n\n\n<p>Las fotograf\u00edas del cantante con las que comparti\u00f3 su nuevo material discogr\u00e1fico llamaron la atenci\u00f3n, especialmente una imagen en la que se le ve sentado frente a un plato vac\u00edo, mostrando su mano izquierda con unas u\u00f1as largas de color dorado.<\/p>\n\n\n\n<p>Sin embargo, el cantante estaba simplemente bromeando, ya que lo que parec\u00edan ser u\u00f1as largas en la punta de sus dedos eran en realidad percebes, unos moluscos que aparentemente hab\u00edan formado parte del plato que hab\u00eda disfrutado previamente.<\/p>\n\n\n\n<p><\/p>\n\n\n\n<figure class=\"wp-block-image size-full\"><img loading=\"lazy\" decoding=\"async\" width=\"768\" height=\"432\" src=\"https:\/\/lanortenita917.com.mx\/wp-content\/uploads\/2023\/07\/fer02.png\" alt=\"\" class=\"wp-image-2113\" srcset=\"https:\/\/lanortenita917.com.mx\/wp-content\/uploads\/2023\/07\/fer02.png 768w, https:\/\/lanortenita917.com.mx\/wp-content\/uploads\/2023\/07\/fer02-300x169.png 300w\" sizes=\"auto, (max-width: 768px) 100vw, 768px\" \/><\/figure>\n\n\n\n<p>Tras la publicaci\u00f3n, los internautas no tardaron en comentar, y muchos cuestionaron la actuaci\u00f3n del cantante, bromeando al respecto. Algunos comentarios expresaron sorpresa y curiosidad por sus u\u00f1as, mientras que otros mencionaron que estaban ansiosos por escuchar su nueva m\u00fasica.<\/p>\n\n\n\n<p>Algunos de sus seguidores aclararon que el cantante hab\u00eda terminado de comer un platillo t\u00edpico del norte de Espa\u00f1a llamado percebes, explicando el origen de las &#8220;u\u00f1as&#8221; en la imagen. Mencionaron que los percebes son deliciosos pero costosos.<\/p>\n\n\n\n<p>Aparentemente, Alejandro Fern\u00e1ndez se encuentra grabando su pr\u00f3ximo material discogr\u00e1fico en Espa\u00f1a y ha mencionado que contar\u00e1 con importantes colaboraciones. Sin embargo, no hizo referencia a sus peculiares u\u00f1as en sus publicaciones.<\/p>\n","protected":false},"excerpt":{"rendered":"<p>Alejandro Fern\u00e1ndez, el famoso cantante mexicano, ha generado pol\u00e9mica nuevamente despu\u00e9s de compartir en sus redes sociales una serie de im\u00e1genes en las que destaca una en la que luce unas ex\u00f3ticas y largas u\u00f1as. Las im\u00e1genes generaron reacciones inmediatas por parte de los internautas, volvi\u00e9ndose viral debido a las u\u00f1as y tambi\u00e9n porque anunci\u00f3 &hellip;<\/p>\n<p class=\"read-more\"> <a class=\"\" href=\"https:\/\/lanortenita917.com.mx\/index.php\/2023\/07\/11\/alejandro-fernandez-sorprende-a-fans-con-nuevo-look-que-incluye-unas-largas\/\"> <span class=\"screen-reader-text\">Alejandro Fern\u00e1ndez sorprende a fans con nuevo look que incluye &#8216;u\u00f1as largas&#8217;<\/span> Leer m\u00e1s &raquo;<\/a><\/p>\n","protected":false},"author":7,"featured_media":2112,"comment_status":"closed","ping_status":"closed","sticky":false,"template":"","format":"standard","meta":{"site-sidebar-layout":"default","site-content-layout":"","ast-site-content-layout":"","site-content-style":"default","site-sidebar-style":"default","ast-global-header-display":"","ast-banner-title-visibility":"","ast-main-header-display":"","ast-hfb-above-header-display":"","ast-hfb-below-header-display":"","ast-hfb-mobile-header-display":"","site-post-title":"","ast-breadcrumbs-content":"","ast-featured-img":"","footer-sml-layout":"","theme-transparent-header-meta":"","adv-header-id-meta":"","stick-header-meta":"","header-above-stick-meta":"","header-main-stick-meta":"","header-below-stick-meta":"","astra-migrate-meta-layouts":"","footnotes":""},"categories":[8],"tags":[],"class_list":["post-2111","post","type-post","status-publish","format-standard","has-post-thumbnail","hentry","category-espectaculos"],"_links":{"self":[{"href":"https:\/\/lanortenita917.com.mx\/index.php\/wp-json\/wp\/v2\/posts\/2111","targetHints":{"allow":["GET"]}}],"collection":[{"href":"https:\/\/lanortenita917.com.mx\/index.php\/wp-json\/wp\/v2\/posts"}],"about":[{"href":"https:\/\/lanortenita917.com.mx\/index.php\/wp-json\/wp\/v2\/types\/post"}],"author":[{"embeddable":true,"href":"https:\/\/lanortenita917.com.mx\/index.php\/wp-json\/wp\/v2\/users\/7"}],"replies":[{"embeddable":true,"href":"https:\/\/lanortenita917.com.mx\/index.php\/wp-json\/wp\/v2\/comments?post=2111"}],"version-history":[{"count":2,"href":"https:\/\/lanortenita917.com.mx\/index.php\/wp-json\/wp\/v2\/posts\/2111\/revisions"}],"predecessor-version":[{"id":2115,"href":"https:\/\/lanortenita917.com.mx\/index.php\/wp-json\/wp\/v2\/posts\/2111\/revisions\/2115"}],"wp:featuredmedia":[{"embeddable":true,"href":"https:\/\/lanortenita917.com.mx\/index.php\/wp-json\/wp\/v2\/media\/2112"}],"wp:attachment":[{"href":"https:\/\/lanortenita917.com.mx\/index.php\/wp-json\/wp\/v2\/media?parent=2111"}],"wp:term":[{"taxonomy":"category","embeddable":true,"href":"https:\/\/lanortenita917.com.mx\/index.php\/wp-json\/wp\/v2\/categories?post=2111"},{"taxonomy":"post_tag","embeddable":true,"href":"https:\/\/lanortenita917.com.mx\/index.php\/wp-json\/wp\/v2\/tags?post=2111"}],"curies":[{"name":"wp","href":"https:\/\/api.w.org\/{rel}","templated":true}]}}