{"id":2045,"date":"2023-07-06T22:10:46","date_gmt":"2023-07-06T22:10:46","guid":{"rendered":"https:\/\/lanortenita917.com.mx\/?p=2045"},"modified":"2023-07-06T22:10:46","modified_gmt":"2023-07-06T22:10:46","slug":"laura-bozzo-saldra-del-aire-en-imagen-television-y-sera-sustituida-por-este-programa","status":"publish","type":"post","link":"https:\/\/lanortenita917.com.mx\/index.php\/2023\/07\/06\/laura-bozzo-saldra-del-aire-en-imagen-television-y-sera-sustituida-por-este-programa\/","title":{"rendered":"Laura Bozzo saldr\u00e1 del aire en Imagen Televisi\u00f3n y ser\u00e1 sustituida por \u00e9ste programa"},"content":{"rendered":"\n<p>Tras varios rumores acerca del despido de la conductora peruana de Imagen Televisi\u00f3n, el d\u00eda de hoy en Sale el Sol se confirm\u00f3 que el show Que pase Laura ha sido cancelado y ya tiene sustituto.<\/p>\n\n\n\n<p>Anteriormente, el periodista Alejandro Z\u00fa\u00f1iga, hab\u00eda hablado de los bajos n\u00fameros de rating que presentaba el programa de Bozzo, por lo que los ejecutivos de Imagen Televisi\u00f3n hab\u00edan decidido sacarlo del aire.<\/p>\n\n\n\n<p>\u201cSe va el programa &#8216;Que pase Laura&#8217;, es un programa que no funciona, con la audiencia que tiene y el sueldo que le pagan, no est\u00e1 siendo negocio para Imagen. La ventaja que le lleva el programa de la competencia es muy grande. Creo que Roc\u00edo tuvo antier 1.3 millones y Laura tuvo 200,000, as\u00ed de grande es la distancia\u201d, dijo en su canal de YouTube.<\/p>\n\n\n\n<p>Por su parte, Laura Bozzo hab\u00eda desmentido los rumores de su despido en varias ocasiones, negando que se encontraba buscando un espacio en otra empresa.<\/p>\n\n\n\n<p><\/p>\n\n\n\n<figure class=\"wp-block-gallery has-nested-images columns-default is-cropped wp-block-gallery-1 is-layout-flex wp-block-gallery-is-layout-flex\">\n<figure class=\"wp-block-image size-large\"><img loading=\"lazy\" decoding=\"async\" width=\"1024\" height=\"688\" data-id=\"2048\" src=\"https:\/\/lanortenita917.com.mx\/wp-content\/uploads\/2023\/07\/laura03-1024x688.jpg\" alt=\"\" class=\"wp-image-2048\" srcset=\"https:\/\/lanortenita917.com.mx\/wp-content\/uploads\/2023\/07\/laura03-1024x688.jpg 1024w, https:\/\/lanortenita917.com.mx\/wp-content\/uploads\/2023\/07\/laura03-300x202.jpg 300w, https:\/\/lanortenita917.com.mx\/wp-content\/uploads\/2023\/07\/laura03-768x516.jpg 768w, https:\/\/lanortenita917.com.mx\/wp-content\/uploads\/2023\/07\/laura03.jpg 1200w\" sizes=\"auto, (max-width: 1024px) 100vw, 1024px\" \/><\/figure>\n<\/figure>\n\n\n\n<p>Sin embargo, la peruana desat\u00f3 gran pol\u00e9mica cuando rompi\u00f3 el silencio en el programa Chisme No Like para revelar que parte de sus episodios eran mentira porque la producci\u00f3n no la apoyaba con elementos para poder buscar historias reales.<\/p>\n\n\n\n<p>La televisora ya anunci\u00f3 cu\u00e1l ser\u00e1 el programa que llenar\u00e1 el vac\u00edo que deja Que pase Laura, se trata de la segunda temporada de Asuntos de familia, conducido por Gaby Crassus y que se transmitir\u00e1 a las 15:00 hrs, horario que actualmente tiene De primera mano y que ser\u00e1 movido a las 16:00 hrs a partir del lunes 10 de julio.<\/p>\n","protected":false},"excerpt":{"rendered":"<p>Tras varios rumores acerca del despido de la conductora peruana de Imagen Televisi\u00f3n, el d\u00eda de hoy en Sale el Sol se confirm\u00f3 que el show Que pase Laura ha sido cancelado y ya tiene sustituto. Anteriormente, el periodista Alejandro Z\u00fa\u00f1iga, hab\u00eda hablado de los bajos n\u00fameros de rating que presentaba el programa de Bozzo, &hellip;<\/p>\n<p class=\"read-more\"> <a class=\"\" href=\"https:\/\/lanortenita917.com.mx\/index.php\/2023\/07\/06\/laura-bozzo-saldra-del-aire-en-imagen-television-y-sera-sustituida-por-este-programa\/\"> <span class=\"screen-reader-text\">Laura Bozzo saldr\u00e1 del aire en Imagen Televisi\u00f3n y ser\u00e1 sustituida por \u00e9ste programa<\/span> Leer m\u00e1s &raquo;<\/a><\/p>\n","protected":false},"author":7,"featured_media":2047,"comment_status":"closed","ping_status":"closed","sticky":false,"template":"","format":"standard","meta":{"site-sidebar-layout":"default","site-content-layout":"","ast-site-content-layout":"","site-content-style":"default","site-sidebar-style":"default","ast-global-header-display":"","ast-banner-title-visibility":"","ast-main-header-display":"","ast-hfb-above-header-display":"","ast-hfb-below-header-display":"","ast-hfb-mobile-header-display":"","site-post-title":"","ast-breadcrumbs-content":"","ast-featured-img":"","footer-sml-layout":"","theme-transparent-header-meta":"","adv-header-id-meta":"","stick-header-meta":"","header-above-stick-meta":"","header-main-stick-meta":"","header-below-stick-meta":"","astra-migrate-meta-layouts":"","footnotes":""},"categories":[8],"tags":[],"class_list":["post-2045","post","type-post","status-publish","format-standard","has-post-thumbnail","hentry","category-espectaculos"],"_links":{"self":[{"href":"https:\/\/lanortenita917.com.mx\/index.php\/wp-json\/wp\/v2\/posts\/2045","targetHints":{"allow":["GET"]}}],"collection":[{"href":"https:\/\/lanortenita917.com.mx\/index.php\/wp-json\/wp\/v2\/posts"}],"about":[{"href":"https:\/\/lanortenita917.com.mx\/index.php\/wp-json\/wp\/v2\/types\/post"}],"author":[{"embeddable":true,"href":"https:\/\/lanortenita917.com.mx\/index.php\/wp-json\/wp\/v2\/users\/7"}],"replies":[{"embeddable":true,"href":"https:\/\/lanortenita917.com.mx\/index.php\/wp-json\/wp\/v2\/comments?post=2045"}],"version-history":[{"count":1,"href":"https:\/\/lanortenita917.com.mx\/index.php\/wp-json\/wp\/v2\/posts\/2045\/revisions"}],"predecessor-version":[{"id":2049,"href":"https:\/\/lanortenita917.com.mx\/index.php\/wp-json\/wp\/v2\/posts\/2045\/revisions\/2049"}],"wp:featuredmedia":[{"embeddable":true,"href":"https:\/\/lanortenita917.com.mx\/index.php\/wp-json\/wp\/v2\/media\/2047"}],"wp:attachment":[{"href":"https:\/\/lanortenita917.com.mx\/index.php\/wp-json\/wp\/v2\/media?parent=2045"}],"wp:term":[{"taxonomy":"category","embeddable":true,"href":"https:\/\/lanortenita917.com.mx\/index.php\/wp-json\/wp\/v2\/categories?post=2045"},{"taxonomy":"post_tag","embeddable":true,"href":"https:\/\/lanortenita917.com.mx\/index.php\/wp-json\/wp\/v2\/tags?post=2045"}],"curies":[{"name":"wp","href":"https:\/\/api.w.org\/{rel}","templated":true}]}}