{"id":1949,"date":"2023-07-03T22:38:06","date_gmt":"2023-07-03T22:38:06","guid":{"rendered":"https:\/\/lanortenita917.com.mx\/?p=1949"},"modified":"2023-07-03T22:39:27","modified_gmt":"2023-07-03T22:39:27","slug":"sin-carisma-dicen-a-hijos-menores-de-alejandro-fernandez-tras-lanzarse-como-cantantes","status":"publish","type":"post","link":"https:\/\/lanortenita917.com.mx\/index.php\/2023\/07\/03\/sin-carisma-dicen-a-hijos-menores-de-alejandro-fernandez-tras-lanzarse-como-cantantes\/","title":{"rendered":"Sin carisma, dicen a hijos menores de Alejandro Fern\u00e1ndez tras lanzarse como cantantes"},"content":{"rendered":"\t\t<div data-elementor-type=\"wp-post\" data-elementor-id=\"1949\" class=\"elementor elementor-1949\" data-elementor-post-type=\"post\">\n\t\t\t\t\t\t\t\t\t<section class=\"elementor-section elementor-top-section elementor-element elementor-element-b63a338 elementor-section-boxed elementor-section-height-default elementor-section-height-default\" data-id=\"b63a338\" data-element_type=\"section\">\n\t\t\t\t\t\t<div class=\"elementor-container elementor-column-gap-default\">\n\t\t\t\t\t<div class=\"elementor-column elementor-col-100 elementor-top-column elementor-element elementor-element-ecf9091\" data-id=\"ecf9091\" data-element_type=\"column\">\n\t\t\t<div class=\"elementor-widget-wrap elementor-element-populated\">\n\t\t\t\t\t\t\t\t<div class=\"elementor-element elementor-element-1d91b13 elementor-widget elementor-widget-text-editor\" data-id=\"1d91b13\" data-element_type=\"widget\" data-widget_type=\"text-editor.default\">\n\t\t\t\t<div class=\"elementor-widget-container\">\n\t\t\t<style>\/*! elementor - v3.16.0 - 13-09-2023 *\/\n.elementor-widget-text-editor.elementor-drop-cap-view-stacked .elementor-drop-cap{background-color:#69727d;color:#fff}.elementor-widget-text-editor.elementor-drop-cap-view-framed .elementor-drop-cap{color:#69727d;border:3px solid;background-color:transparent}.elementor-widget-text-editor:not(.elementor-drop-cap-view-default) .elementor-drop-cap{margin-top:8px}.elementor-widget-text-editor:not(.elementor-drop-cap-view-default) .elementor-drop-cap-letter{width:1em;height:1em}.elementor-widget-text-editor .elementor-drop-cap{float:left;text-align:center;line-height:1;font-size:50px}.elementor-widget-text-editor .elementor-drop-cap-letter{display:inline-block}<\/style>\t\t\t\t<p class=\"MsoNormal\">Los hijos menores de Alejandro Fern\u00e1ndez, Valentina y Emiliano, han decidido seguir los pasos de su padre y lanzarse como cantantes. Sin embargo, su debut no ha sido recibido con el entusiasmo esperado por parte de los internautas, quienes han expresado su opini\u00f3n sobre su interpretaci\u00f3n, se\u00f1alando la falta de carisma e incluso afirmando que tienen &#8220;sangre pesada&#8221;.<\/p><p class=\"MsoNormal\">Y es que Alejandro Fern\u00e1ndez siempre ha sido un padre atento y ha respaldado a sus hijos en sus proyectos musicales, como en el caso de Camila y Alex, quienes ya han dado sus primeros pasos en la industria. Ahora, Valentina y Emiliano tambi\u00e9n han manifestado su deseo de seguir una carrera en la m\u00fasica.<\/p><p class=\"MsoNormal\">En una entrevista para el programa Ventaneando, Alejandro Fern\u00e1ndez revel\u00f3 que se sorprendi\u00f3 al enterarse de que sus otros tres hijos tambi\u00e9n quer\u00edan convertirse en cantantes. Aunque reconoci\u00f3 que los cinco tienen talento para el canto, tambi\u00e9n les hizo ver que el camino hacia el \u00e9xito no ser\u00e1 f\u00e1cil.<\/p><p class=\"MsoNormal\">El cantante ha apoyado la vocaci\u00f3n musical de sus hijos, y les ha recordado que el \u00e9xito en la industria musical no est\u00e1 garantizado. Ha alentado a sus hijos a buscar alternativas y a estar preparados para cualquier eventualidad.<\/p><p>\u00a0<\/p><p class=\"MsoNormal\">Fue a trav\u00e9s de la cuenta de Instagram Chamonic que dio a conocer que Valentina y Emiliano, los hijos menores de Alejandro Fern\u00e1ndez se lanzan como cantantes, sin embargo, los internautas no dudaron en reaccionar al video de los j\u00f3venes, por su interpretaci\u00f3n les dicen que no tienen carisma, incluso que se les ve de &#8216;sangre pesada&#8217;.<\/p>\t\t\t\t\t\t<\/div>\n\t\t\t\t<\/div>\n\t\t\t\t\t<\/div>\n\t\t<\/div>\n\t\t\t\t\t\t\t<\/div>\n\t\t<\/section>\n\t\t\t\t<section class=\"elementor-section elementor-top-section elementor-element elementor-element-17e25b9 elementor-section-boxed elementor-section-height-default elementor-section-height-default\" data-id=\"17e25b9\" data-element_type=\"section\">\n\t\t\t\t\t\t<div class=\"elementor-container elementor-column-gap-default\">\n\t\t\t\t\t<div class=\"elementor-column elementor-col-100 elementor-top-column elementor-element elementor-element-4dfb2ec\" data-id=\"4dfb2ec\" data-element_type=\"column\">\n\t\t\t<div class=\"elementor-widget-wrap elementor-element-populated\">\n\t\t\t\t\t\t\t\t<div class=\"elementor-element elementor-element-b5701a7 elementor-widget elementor-widget-image\" data-id=\"b5701a7\" data-element_type=\"widget\" data-widget_type=\"image.default\">\n\t\t\t\t<div class=\"elementor-widget-container\">\n\t\t\t<style>\/*! elementor - v3.16.0 - 13-09-2023 *\/\n.elementor-widget-image{text-align:center}.elementor-widget-image a{display:inline-block}.elementor-widget-image a img[src$=\".svg\"]{width:48px}.elementor-widget-image img{vertical-align:middle;display:inline-block}<\/style>\t\t\t\t\t\t\t\t\t\t\t\t<img loading=\"lazy\" decoding=\"async\" width=\"648\" height=\"729\" src=\"https:\/\/lanortenita917.com.mx\/wp-content\/uploads\/2023\/07\/alej02.png\" class=\"attachment-large size-large wp-image-1952\" alt=\"\" srcset=\"https:\/\/lanortenita917.com.mx\/wp-content\/uploads\/2023\/07\/alej02.png 648w, https:\/\/lanortenita917.com.mx\/wp-content\/uploads\/2023\/07\/alej02-267x300.png 267w\" sizes=\"auto, (max-width: 648px) 100vw, 648px\" \/>\t\t\t\t\t\t\t\t\t\t\t\t\t\t\t<\/div>\n\t\t\t\t<\/div>\n\t\t\t\t\t<\/div>\n\t\t<\/div>\n\t\t\t\t\t\t\t<\/div>\n\t\t<\/section>\n\t\t\t\t<section class=\"elementor-section elementor-top-section elementor-element elementor-element-2f313e1 elementor-section-boxed elementor-section-height-default elementor-section-height-default\" data-id=\"2f313e1\" data-element_type=\"section\">\n\t\t\t\t\t\t<div class=\"elementor-container elementor-column-gap-default\">\n\t\t\t\t\t<div class=\"elementor-column elementor-col-100 elementor-top-column elementor-element elementor-element-8115061\" data-id=\"8115061\" data-element_type=\"column\">\n\t\t\t<div class=\"elementor-widget-wrap elementor-element-populated\">\n\t\t\t\t\t\t\t\t<div class=\"elementor-element elementor-element-622a71d elementor-widget elementor-widget-text-editor\" data-id=\"622a71d\" data-element_type=\"widget\" data-widget_type=\"text-editor.default\">\n\t\t\t\t<div class=\"elementor-widget-container\">\n\t\t\t\t\t\t\t<p class=\"MsoNormal\">Valentina Fern\u00e1ndez y Emiliano Fern\u00e1ndez,hijos menores de\nAlejandro Fern\u00e1ndez , se lanzan como dueto \u2026 as\u00ed es la dinast\u00eda Fern\u00e1ndez sigue\nincursionando en la m\u00fasica , pues tienen un gran talento que heredaron desde su\nabuelo Vicente Fern\u00e1ndez! El pasado viernes fueron a un evento de los Latin\nGRAMMYs junto a su pap\u00e1 y \u00e9l mismo Alejandro comparti\u00f3 una foto donde dice :\n\u201cAgarrense por que van con todo\u201c , a\u00fan no dan a conocer el g\u00e9nero musical q los\nhermanos cantar\u00e1n , pero siento que ser\u00e1 baladas en ingl\u00e9s y espa\u00f1ol ! Pues\nellos tienen los dos idioma perfeccionados (son nacidos en E.U) recordemos que\notros dos de los hijos del potrillo tambi\u00e9n cantan Camila y Alex&#8221;, expres\u00f3\nChamonic en Instagram.<o:p><\/o:p><\/p>\t\t\t\t\t\t<\/div>\n\t\t\t\t<\/div>\n\t\t\t\t\t<\/div>\n\t\t<\/div>\n\t\t\t\t\t\t\t<\/div>\n\t\t<\/section>\n\t\t\t\t\t\t\t<\/div>\n\t\t","protected":false},"excerpt":{"rendered":"<p>Los hijos menores de Alejandro Fern\u00e1ndez, Valentina y Emiliano, han decidido seguir los pasos de su padre y lanzarse como cantantes. Sin embargo, su debut no ha sido recibido con el entusiasmo esperado por parte de los internautas, quienes han expresado su opini\u00f3n sobre su interpretaci\u00f3n, se\u00f1alando la falta de carisma e incluso afirmando que &hellip;<\/p>\n<p class=\"read-more\"> <a class=\"\" href=\"https:\/\/lanortenita917.com.mx\/index.php\/2023\/07\/03\/sin-carisma-dicen-a-hijos-menores-de-alejandro-fernandez-tras-lanzarse-como-cantantes\/\"> <span class=\"screen-reader-text\">Sin carisma, dicen a hijos menores de Alejandro Fern\u00e1ndez tras lanzarse como cantantes<\/span> Leer m\u00e1s &raquo;<\/a><\/p>\n","protected":false},"author":7,"featured_media":1950,"comment_status":"open","ping_status":"open","sticky":false,"template":"","format":"standard","meta":{"site-sidebar-layout":"default","site-content-layout":"","ast-site-content-layout":"","site-content-style":"default","site-sidebar-style":"default","ast-global-header-display":"","ast-banner-title-visibility":"","ast-main-header-display":"","ast-hfb-above-header-display":"","ast-hfb-below-header-display":"","ast-hfb-mobile-header-display":"","site-post-title":"","ast-breadcrumbs-content":"","ast-featured-img":"","footer-sml-layout":"","theme-transparent-header-meta":"","adv-header-id-meta":"","stick-header-meta":"","header-above-stick-meta":"","header-main-stick-meta":"","header-below-stick-meta":"","astra-migrate-meta-layouts":"","footnotes":""},"categories":[8],"tags":[],"class_list":["post-1949","post","type-post","status-publish","format-standard","has-post-thumbnail","hentry","category-espectaculos"],"_links":{"self":[{"href":"https:\/\/lanortenita917.com.mx\/index.php\/wp-json\/wp\/v2\/posts\/1949","targetHints":{"allow":["GET"]}}],"collection":[{"href":"https:\/\/lanortenita917.com.mx\/index.php\/wp-json\/wp\/v2\/posts"}],"about":[{"href":"https:\/\/lanortenita917.com.mx\/index.php\/wp-json\/wp\/v2\/types\/post"}],"author":[{"embeddable":true,"href":"https:\/\/lanortenita917.com.mx\/index.php\/wp-json\/wp\/v2\/users\/7"}],"replies":[{"embeddable":true,"href":"https:\/\/lanortenita917.com.mx\/index.php\/wp-json\/wp\/v2\/comments?post=1949"}],"version-history":[{"count":4,"href":"https:\/\/lanortenita917.com.mx\/index.php\/wp-json\/wp\/v2\/posts\/1949\/revisions"}],"predecessor-version":[{"id":1955,"href":"https:\/\/lanortenita917.com.mx\/index.php\/wp-json\/wp\/v2\/posts\/1949\/revisions\/1955"}],"wp:featuredmedia":[{"embeddable":true,"href":"https:\/\/lanortenita917.com.mx\/index.php\/wp-json\/wp\/v2\/media\/1950"}],"wp:attachment":[{"href":"https:\/\/lanortenita917.com.mx\/index.php\/wp-json\/wp\/v2\/media?parent=1949"}],"wp:term":[{"taxonomy":"category","embeddable":true,"href":"https:\/\/lanortenita917.com.mx\/index.php\/wp-json\/wp\/v2\/categories?post=1949"},{"taxonomy":"post_tag","embeddable":true,"href":"https:\/\/lanortenita917.com.mx\/index.php\/wp-json\/wp\/v2\/tags?post=1949"}],"curies":[{"name":"wp","href":"https:\/\/api.w.org\/{rel}","templated":true}]}}