{"id":1520,"date":"2023-06-01T19:03:32","date_gmt":"2023-06-01T19:03:32","guid":{"rendered":"https:\/\/lanortenita917.com.mx\/?p=1520"},"modified":"2023-06-01T19:03:32","modified_gmt":"2023-06-01T19:03:32","slug":"paquita-la-del-barrio-critica-los-corridos-tumbados-natanael-cano-le-responde","status":"publish","type":"post","link":"https:\/\/lanortenita917.com.mx\/index.php\/2023\/06\/01\/paquita-la-del-barrio-critica-los-corridos-tumbados-natanael-cano-le-responde\/","title":{"rendered":"Paquita la del Barrio cr\u00edtica los corridos \u2018tumbados\u2019; Natanael Cano le responde"},"content":{"rendered":"\n<h2 class=\"wp-block-heading\">Paquita la del Barrio expres\u00f3 su conformidad con los corridos \u2018tumbados\u2019 y aconsej\u00f3 a los padres de los j\u00f3venes a que los obliguen a o\u00edr la m\u00fasica de antes.<\/h2>\n\n\n\n<figure class=\"wp-block-image\"><img decoding=\"async\" src=\"https:\/\/abcnoticias.mx\/u\/fotografias\/m\/2023\/5\/26\/f960x540-210451_284526_0.png\" alt=\"\"\/><figcaption class=\"wp-element-caption\"><strong>Paquita la del Barrio y Natanael Cano.<\/strong><\/figcaption><\/figure>\n\n\n\n<p><\/p>\n\n\n\n<p><strong>M\u00e9xico. &#8211;\u00a0<\/strong>Paquita la del Barrio es una de las artistas que se ha sumado a las cr\u00edticas contra los\u00a0<strong>corridos \u2018tumbados\u2019<\/strong>, aunque actualmente este g\u00e9nero musical se ha colocado en los primeros lugares de popularidad.<\/p>\n\n\n\n<p>La cantante&nbsp;<strong>no tuvo reparo en exponer su inconformidad&nbsp;<\/strong>por lo que est\u00e1n escuchando las nuevas generaciones y aconsej\u00f3 a los padres de los j\u00f3venes que los obliguen a o\u00edr la m\u00fasica de antes.<\/p>\n\n\n\n<blockquote class=\"wp-block-quote is-layout-flow wp-block-quote-is-layout-flow\">\n<p>\u201cEsa no es m\u00fasica de M\u00e9xico, la gente quiere sobresalir en algo, pero no es posible, \u00bfc\u00f3mo van a tirar lo que tantos artistas hicieron en aquellos a\u00f1os?, y venga alguien m\u00e1s a tirar las cosas, eso no est\u00e1 bien. Yo s\u00ed le aconsejo a los padres que les pongan m\u00fasica de la nuestra, m\u00fasica viejita, para que sus hijos se eduquen bien\u201d, expres\u00f3 Francisca Viveros Barradas, nombre de pila de la int\u00e9rprete, ante la prensa.<\/p>\n<\/blockquote>\n\n\n\n<p>Pese a estas declaraciones, Natanael Cano, considerado uno de los m\u00e1ximos exponentes de este tipo de canciones,&nbsp;<strong>no tuvo m\u00e1s que buenas palabras para la artista de 76 a\u00f1os<\/strong>, y si bien los reporteros no dejaron de mencionarle las declaraciones de Viveros Barradas, el joven solo replic\u00f3:<\/p>\n\n\n\n<blockquote class=\"wp-block-quote is-layout-flow wp-block-quote-is-layout-flow\">\n<p>\u201cYo la amo a la Paquita, yo la vi hace menos de un a\u00f1o, hace unos meses me toc\u00f3 verla por ah\u00ed en unos premios, la salud\u00e9 y me dio gusto saludarla simplemente\u201d.<\/p>\n<\/blockquote>\n\n\n\n<p>Pero como los comentarios continuaban, el int\u00e9rprete de temas como AMG y PCR&nbsp;<strong>no perdi\u00f3 la oportunidad de invitar a Paquita para hacer un dueto musical<\/strong>&nbsp;con el objetivo de poner fin al asunto durante su paso por el aeropuerto de la CDMX.<\/p>\n\n\n\n<blockquote class=\"wp-block-quote is-layout-flow wp-block-quote-is-layout-flow\">\n<p>\u201cQue se monte un Corrido Tumbado \u00bfqu\u00e9 no?&#8230; Que Dios me la bendiga no m\u00e1s (sic), los Corridos Tumbados no se hicieron para representar a nada, se hicieron para cantar\u201d, remat\u00f3.<\/p>\n<\/blockquote>\n\n\n\n<p><\/p>\n","protected":false},"excerpt":{"rendered":"<p>Paquita la del Barrio expres\u00f3 su conformidad con los corridos \u2018tumbados\u2019 y aconsej\u00f3 a los padres de los j\u00f3venes a que los obliguen a o\u00edr la m\u00fasica de antes. M\u00e9xico. &#8211;\u00a0Paquita la del Barrio es una de las artistas que se ha sumado a las cr\u00edticas contra los\u00a0corridos \u2018tumbados\u2019, aunque actualmente este g\u00e9nero musical se &hellip;<\/p>\n<p class=\"read-more\"> <a class=\"\" href=\"https:\/\/lanortenita917.com.mx\/index.php\/2023\/06\/01\/paquita-la-del-barrio-critica-los-corridos-tumbados-natanael-cano-le-responde\/\"> <span class=\"screen-reader-text\">Paquita la del Barrio cr\u00edtica los corridos \u2018tumbados\u2019; Natanael Cano le responde<\/span> Leer m\u00e1s &raquo;<\/a><\/p>\n","protected":false},"author":1,"featured_media":1521,"comment_status":"closed","ping_status":"closed","sticky":false,"template":"","format":"standard","meta":{"site-sidebar-layout":"default","site-content-layout":"","ast-site-content-layout":"","site-content-style":"default","site-sidebar-style":"default","ast-global-header-display":"","ast-banner-title-visibility":"","ast-main-header-display":"","ast-hfb-above-header-display":"","ast-hfb-below-header-display":"","ast-hfb-mobile-header-display":"","site-post-title":"","ast-breadcrumbs-content":"","ast-featured-img":"","footer-sml-layout":"","theme-transparent-header-meta":"","adv-header-id-meta":"","stick-header-meta":"","header-above-stick-meta":"","header-main-stick-meta":"","header-below-stick-meta":"","astra-migrate-meta-layouts":"","footnotes":""},"categories":[8],"tags":[],"class_list":["post-1520","post","type-post","status-publish","format-standard","has-post-thumbnail","hentry","category-espectaculos"],"_links":{"self":[{"href":"https:\/\/lanortenita917.com.mx\/index.php\/wp-json\/wp\/v2\/posts\/1520","targetHints":{"allow":["GET"]}}],"collection":[{"href":"https:\/\/lanortenita917.com.mx\/index.php\/wp-json\/wp\/v2\/posts"}],"about":[{"href":"https:\/\/lanortenita917.com.mx\/index.php\/wp-json\/wp\/v2\/types\/post"}],"author":[{"embeddable":true,"href":"https:\/\/lanortenita917.com.mx\/index.php\/wp-json\/wp\/v2\/users\/1"}],"replies":[{"embeddable":true,"href":"https:\/\/lanortenita917.com.mx\/index.php\/wp-json\/wp\/v2\/comments?post=1520"}],"version-history":[{"count":1,"href":"https:\/\/lanortenita917.com.mx\/index.php\/wp-json\/wp\/v2\/posts\/1520\/revisions"}],"predecessor-version":[{"id":1522,"href":"https:\/\/lanortenita917.com.mx\/index.php\/wp-json\/wp\/v2\/posts\/1520\/revisions\/1522"}],"wp:featuredmedia":[{"embeddable":true,"href":"https:\/\/lanortenita917.com.mx\/index.php\/wp-json\/wp\/v2\/media\/1521"}],"wp:attachment":[{"href":"https:\/\/lanortenita917.com.mx\/index.php\/wp-json\/wp\/v2\/media?parent=1520"}],"wp:term":[{"taxonomy":"category","embeddable":true,"href":"https:\/\/lanortenita917.com.mx\/index.php\/wp-json\/wp\/v2\/categories?post=1520"},{"taxonomy":"post_tag","embeddable":true,"href":"https:\/\/lanortenita917.com.mx\/index.php\/wp-json\/wp\/v2\/tags?post=1520"}],"curies":[{"name":"wp","href":"https:\/\/api.w.org\/{rel}","templated":true}]}}