{"id":1494,"date":"2023-06-01T16:44:17","date_gmt":"2023-06-01T16:44:17","guid":{"rendered":"https:\/\/lanortenita917.com.mx\/?p=1494"},"modified":"2023-06-01T16:44:21","modified_gmt":"2023-06-01T16:44:21","slug":"espinoza-paz-anuncia-tour-promocional-por-europa","status":"publish","type":"post","link":"https:\/\/lanortenita917.com.mx\/index.php\/2023\/06\/01\/espinoza-paz-anuncia-tour-promocional-por-europa\/","title":{"rendered":"Espinoza Paz anuncia tour promocional por Europa"},"content":{"rendered":"\n<p>Hace 6 horas<br>Despu\u00e9s de sorprender con su tema \u201cEl original\u201d junto a Pipe Bueno y ocupar el #1 durante varias semanas consecutivas en Colombia, el cantautor anunci\u00f3 su Tour Europa 2023.<br>Visitando ciudades como Madrid y Barcelona, se hace oficial el anuncio de su gira de medios promocional, la cual se llevar\u00e1 a cabo en el mes de junio, del 19 al 24.<br>Adem\u00e1s, para el 29 y 30 de septiembre Espinoza Paz realizar\u00e1 su gira de shows prometiendo su mejor repertorio musical y la compra de boleter\u00eda ser\u00e1 anunciada pr\u00f3ximamente a trav\u00e9s de sus redes sociales.<br>Actualmente temas como: \u201cCiega por \u00e9l\u201d, \u201cSoltero feliz\u201d, \u201cOlvido intencional\u201d, \u201cQue te lo crea tu madre\u201d, \u201cNo me chingues la vida\u201d, entre otros \u00e9xitos, contin\u00faan sumando reproducciones en plataformas digitales, mientras \u201cEl original\u201d, una ranchera que narra la historia de un hombre enamorado de una mujer que se compromete con otro, asciende hacia los primeros puestos de las principales playlist del g\u00e9nero.<br>Reconocido como El Cantautor del Pueblo, Espinoza Paz, ser\u00e1 int\u00e9rprete del tema principal de la telenovela \u201cTierra de esperanza\u201d, producci\u00f3n de Jos\u00e9 Alberto \u201cEl G\u00fcero\u201d Castro y que en paralelo promociona su m\u00e1s reciente sencillo \u201cCiega por \u00e9l\u201d a dueto con Luis R. Conriquez, adem\u00e1s se encuentra trabajando en lo que ser\u00e1 su nuevo \u00e1lbum en donde explora diferentes sonidos y pone a prueba su versatilidad.<br>Por \u00faltimo, su siguiente tema titulado \u201cYo s\u00e9 cuando mientes\u201d se estrenar\u00e1 a mediados del mes de junio.<\/p>\n\n\n\n<figure class=\"wp-block-image\"><img decoding=\"async\" src=\"https:\/\/storage.googleapis.com\/lamejor-uploads\/2023\/05\/2023\/05\/d8c7549e-espinoza-paz07-560x700.jpg\" alt=\"\" class=\"wp-image-37099\"\/><\/figure>\n","protected":false},"excerpt":{"rendered":"<p>Hace 6 horasDespu\u00e9s de sorprender con su tema \u201cEl original\u201d junto a Pipe Bueno y ocupar el #1 durante varias semanas consecutivas en Colombia, el cantautor anunci\u00f3 su Tour Europa 2023.Visitando ciudades como Madrid y Barcelona, se hace oficial el anuncio de su gira de medios promocional, la cual se llevar\u00e1 a cabo en el &hellip;<\/p>\n<p class=\"read-more\"> <a class=\"\" href=\"https:\/\/lanortenita917.com.mx\/index.php\/2023\/06\/01\/espinoza-paz-anuncia-tour-promocional-por-europa\/\"> <span class=\"screen-reader-text\">Espinoza Paz anuncia tour promocional por Europa<\/span> Leer m\u00e1s &raquo;<\/a><\/p>\n","protected":false},"author":1,"featured_media":1495,"comment_status":"closed","ping_status":"closed","sticky":false,"template":"","format":"standard","meta":{"site-sidebar-layout":"default","site-content-layout":"","ast-site-content-layout":"","site-content-style":"default","site-sidebar-style":"default","ast-global-header-display":"","ast-banner-title-visibility":"","ast-main-header-display":"","ast-hfb-above-header-display":"","ast-hfb-below-header-display":"","ast-hfb-mobile-header-display":"","site-post-title":"","ast-breadcrumbs-content":"","ast-featured-img":"","footer-sml-layout":"","theme-transparent-header-meta":"","adv-header-id-meta":"","stick-header-meta":"","header-above-stick-meta":"","header-main-stick-meta":"","header-below-stick-meta":"","astra-migrate-meta-layouts":"","footnotes":""},"categories":[8],"tags":[],"class_list":["post-1494","post","type-post","status-publish","format-standard","has-post-thumbnail","hentry","category-espectaculos"],"_links":{"self":[{"href":"https:\/\/lanortenita917.com.mx\/index.php\/wp-json\/wp\/v2\/posts\/1494","targetHints":{"allow":["GET"]}}],"collection":[{"href":"https:\/\/lanortenita917.com.mx\/index.php\/wp-json\/wp\/v2\/posts"}],"about":[{"href":"https:\/\/lanortenita917.com.mx\/index.php\/wp-json\/wp\/v2\/types\/post"}],"author":[{"embeddable":true,"href":"https:\/\/lanortenita917.com.mx\/index.php\/wp-json\/wp\/v2\/users\/1"}],"replies":[{"embeddable":true,"href":"https:\/\/lanortenita917.com.mx\/index.php\/wp-json\/wp\/v2\/comments?post=1494"}],"version-history":[{"count":1,"href":"https:\/\/lanortenita917.com.mx\/index.php\/wp-json\/wp\/v2\/posts\/1494\/revisions"}],"predecessor-version":[{"id":1496,"href":"https:\/\/lanortenita917.com.mx\/index.php\/wp-json\/wp\/v2\/posts\/1494\/revisions\/1496"}],"wp:featuredmedia":[{"embeddable":true,"href":"https:\/\/lanortenita917.com.mx\/index.php\/wp-json\/wp\/v2\/media\/1495"}],"wp:attachment":[{"href":"https:\/\/lanortenita917.com.mx\/index.php\/wp-json\/wp\/v2\/media?parent=1494"}],"wp:term":[{"taxonomy":"category","embeddable":true,"href":"https:\/\/lanortenita917.com.mx\/index.php\/wp-json\/wp\/v2\/categories?post=1494"},{"taxonomy":"post_tag","embeddable":true,"href":"https:\/\/lanortenita917.com.mx\/index.php\/wp-json\/wp\/v2\/tags?post=1494"}],"curies":[{"name":"wp","href":"https:\/\/api.w.org\/{rel}","templated":true}]}}