{"id":123530,"date":"2024-04-15T18:40:47","date_gmt":"2024-04-15T18:40:47","guid":{"rendered":"https:\/\/enblancoynegro.com.mx\/?p=123530"},"modified":"2024-04-15T18:40:48","modified_gmt":"2024-04-15T18:40:48","slug":"belinda-y-natanael-cano-comparten-adelanto-de-300-noches-su-nueva-cancion","status":"publish","type":"post","link":"https:\/\/lanortenita917.com.mx\/index.php\/2024\/04\/15\/belinda-y-natanael-cano-comparten-adelanto-de-300-noches-su-nueva-cancion\/","title":{"rendered":"Belinda y Natanael Cano comparten adelanto de &#8216;300 Noches&#8217; su nueva canci\u00f3n"},"content":{"rendered":"\n<p>\u00a1Ag\u00e1rrense! Porque se avecina una gran colaboraci\u00f3n entre Belinda y Natanael Cano, quienes est\u00e1n a punto de lanzar su nueva canci\u00f3n &#8216;300 Noches&#8217;, un tema que promete reforzar la faceta guerrera de la famosa cantante.<\/p>\n\n\n\n<p>Despu\u00e9s de atravesar momentos complicados en el hospital, Belinda reapareci\u00f3 en redes sociales para compartir lo que est\u00e1 preparando junto al destacado int\u00e9rprete de &#8216;O me voy o te vas&#8217;. Desde que se anunci\u00f3 esta colaboraci\u00f3n, los fan\u00e1ticos se emocionaron, anticipando que se tratar\u00eda del pr\u00f3ximo \u00e9xito que nos har\u00e1 cantar a todo pulm\u00f3n.<\/p>\n\n\n\n<p>Y no se equivocaron, porque al unir tales talentos, podemos esperar un tema espectacular con tintes b\u00e9licos titulado &#8216;300 Noches&#8217;. Ya hemos tenido la oportunidad de escuchar parte de sus versos, lo que nos ha dejado ansiosos por m\u00e1s.<\/p>\n\n\n\n<p>En las redes sociales, Belinda comparti\u00f3 un reel mostrando el proceso creativo y de grabaci\u00f3n de la canci\u00f3n, la cual formar\u00e1 parte de su pr\u00f3ximo \u00e1lbum musical. Adem\u00e1s, en el video compartido en redes, podemos ver c\u00f3mo los cantantes conectaron entre s\u00ed, se apoyaron y se animaron mutuamente durante la grabaci\u00f3n del pr\u00f3ximo sencillo.<\/p>\n\n\n\n<p>Este nuevo tema de Belinda llega despu\u00e9s del exitoso lanzamiento de &#8216;Cactus&#8217;, que fue el primer sencillo de su pr\u00f3ximo \u00e1lbum y que mostr\u00f3 una faceta guerrera de la cantante, quien ahora luce un look con cabello corto y rojo. Con &#8216;300 Noches&#8217;, estamos seguros de que Belinda continuar\u00e1 sorprendi\u00e9ndonos con su versatilidad art\u00edstica y su talento incomparable.<\/p>\n\n\n\n<figure class=\"wp-block-embed is-type-rich is-provider-twitter wp-block-embed-twitter\"><div class=\"wp-block-embed__wrapper\">\n<blockquote class=\"twitter-tweet\" data-width=\"500\" data-dnt=\"true\"><p lang=\"es\" dir=\"ltr\">Ya quiero que la escuchen!!! <a href=\"https:\/\/twitter.com\/hashtag\/300Noches?src=hash&amp;ref_src=twsrc%5Etfw\">#300Noches<\/a> <a href=\"https:\/\/twitter.com\/SpotifyMexico?ref_src=twsrc%5Etfw\">@SpotifyMexico<\/a> <a href=\"https:\/\/t.co\/9NS5lbitpb\">https:\/\/t.co\/9NS5lbitpb<\/a> <a href=\"https:\/\/t.co\/1lW8tCHxog\">pic.twitter.com\/1lW8tCHxog<\/a><\/p>&mdash; Belinda (@belindapop) <a href=\"https:\/\/twitter.com\/belindapop\/status\/1778617292747596047?ref_src=twsrc%5Etfw\">April 12, 2024<\/a><\/blockquote><script async src=\"https:\/\/platform.twitter.com\/widgets.js\" charset=\"utf-8\"><\/script>\n<\/div><\/figure>\n","protected":false},"excerpt":{"rendered":"<p>\u00a1Ag\u00e1rrense! Porque se avecina una gran colaboraci\u00f3n entre Belinda y Natanael Cano, quienes est\u00e1n a punto de lanzar su nueva canci\u00f3n &#8216;300 Noches&#8217;, un tema que promete reforzar la faceta guerrera de la famosa cantante. Despu\u00e9s de atravesar momentos complicados en el hospital, Belinda reapareci\u00f3 en redes sociales para compartir lo que est\u00e1 preparando junto &hellip;<\/p>\n<p class=\"read-more\"> <a class=\"\" href=\"https:\/\/lanortenita917.com.mx\/index.php\/2024\/04\/15\/belinda-y-natanael-cano-comparten-adelanto-de-300-noches-su-nueva-cancion\/\"> <span class=\"screen-reader-text\">Belinda y Natanael Cano comparten adelanto de &#8216;300 Noches&#8217; su nueva canci\u00f3n<\/span> Leer m\u00e1s &raquo;<\/a><\/p>\n","protected":false},"author":7,"featured_media":123533,"comment_status":"closed","ping_status":"closed","sticky":false,"template":"","format":"standard","meta":{"site-sidebar-layout":"default","site-content-layout":"","ast-site-content-layout":"default","site-content-style":"default","site-sidebar-style":"default","ast-global-header-display":"","ast-banner-title-visibility":"","ast-main-header-display":"","ast-hfb-above-header-display":"","ast-hfb-below-header-display":"","ast-hfb-mobile-header-display":"","site-post-title":"","ast-breadcrumbs-content":"","ast-featured-img":"","footer-sml-layout":"","theme-transparent-header-meta":"","adv-header-id-meta":"","stick-header-meta":"","header-above-stick-meta":"","header-main-stick-meta":"","header-below-stick-meta":"","astra-migrate-meta-layouts":"set","footnotes":""},"categories":[8,10,12,11],"tags":[],"class_list":["post-123530","post","type-post","status-publish","format-standard","has-post-thumbnail","hentry","category-espectaculos","category-notaslanortenita","category-notasmagiadigital","category-ocio"],"_links":{"self":[{"href":"https:\/\/lanortenita917.com.mx\/index.php\/wp-json\/wp\/v2\/posts\/123530","targetHints":{"allow":["GET"]}}],"collection":[{"href":"https:\/\/lanortenita917.com.mx\/index.php\/wp-json\/wp\/v2\/posts"}],"about":[{"href":"https:\/\/lanortenita917.com.mx\/index.php\/wp-json\/wp\/v2\/types\/post"}],"author":[{"embeddable":true,"href":"https:\/\/lanortenita917.com.mx\/index.php\/wp-json\/wp\/v2\/users\/7"}],"replies":[{"embeddable":true,"href":"https:\/\/lanortenita917.com.mx\/index.php\/wp-json\/wp\/v2\/comments?post=123530"}],"version-history":[{"count":1,"href":"https:\/\/lanortenita917.com.mx\/index.php\/wp-json\/wp\/v2\/posts\/123530\/revisions"}],"predecessor-version":[{"id":123531,"href":"https:\/\/lanortenita917.com.mx\/index.php\/wp-json\/wp\/v2\/posts\/123530\/revisions\/123531"}],"wp:featuredmedia":[{"embeddable":true,"href":"https:\/\/lanortenita917.com.mx\/index.php\/wp-json\/wp\/v2\/media\/123533"}],"wp:attachment":[{"href":"https:\/\/lanortenita917.com.mx\/index.php\/wp-json\/wp\/v2\/media?parent=123530"}],"wp:term":[{"taxonomy":"category","embeddable":true,"href":"https:\/\/lanortenita917.com.mx\/index.php\/wp-json\/wp\/v2\/categories?post=123530"},{"taxonomy":"post_tag","embeddable":true,"href":"https:\/\/lanortenita917.com.mx\/index.php\/wp-json\/wp\/v2\/tags?post=123530"}],"curies":[{"name":"wp","href":"https:\/\/api.w.org\/{rel}","templated":true}]}}