{"id":123526,"date":"2024-04-15T18:40:52","date_gmt":"2024-04-15T18:40:52","guid":{"rendered":"https:\/\/enblancoynegro.com.mx\/?p=123526"},"modified":"2024-04-15T18:40:53","modified_gmt":"2024-04-15T18:40:53","slug":"carin-leon-electriza-al-publico-en-el-festival-coachella","status":"publish","type":"post","link":"https:\/\/lanortenita917.com.mx\/index.php\/2024\/04\/15\/carin-leon-electriza-al-publico-en-el-festival-coachella\/","title":{"rendered":"Carin Le\u00f3n electriza al p\u00fablico en el Festival Coachella"},"content":{"rendered":"\n<p>El talentoso cantante sonorense, Carin Le\u00f3n, est\u00e1 dejando una huella imborrable en el escenario del famoso Festival de Coachella, que tiene lugar anualmente en el desierto de Indio, California. Desde las 5:25 p. m. hasta las 6:15 p. m., el artista mexicano est\u00e1 ofreciendo una actuaci\u00f3n cargada de energ\u00eda en el escenario principal del festival, conocido como \u201cCoachella\u201d.<\/p>\n\n\n\n<p>Con un repertorio repleto de \u00e9xitos de la m\u00fasica regional mexicana, Carin Le\u00f3n ha generado un entusiasmo contagioso entre el p\u00fablico presente, quien responde con animaci\u00f3n y pasi\u00f3n a cada una de sus interpretaciones. Entre gritos de \u201cViva M\u00e9xico\u201d, el cantante transmite su orgullo y pasi\u00f3n por su pa\u00eds natal.<\/p>\n\n\n\n<p>Durante su actuaci\u00f3n, Carin Le\u00f3n emocion\u00f3 al p\u00fablico al dar la bienvenida a Mau y Ricky como invitados especiales en el escenario, lanzando un vibrante grito de \u201cArriba Venezuela\u201d. El d\u00fao venezolano de reguet\u00f3n y pop latino, formado por los hermanos Reglero en Caracas en 2011, se uni\u00f3 al sonido \u00fanico de Carin Le\u00f3n, agregando a\u00fan m\u00e1s diversidad y emoci\u00f3n a su presentaci\u00f3n.<\/p>\n\n\n\n<p>La participaci\u00f3n de Carin Le\u00f3n en Coachella se suma a la lista de artistas destacados que han brillado en este emblem\u00e1tico escenario. El festival, que comenz\u00f3 con una cautivadora actuaci\u00f3n de la talentosa Lana del Rey, es reconocido a nivel mundial como uno de los eventos musicales m\u00e1s importantes y trascendentales de la cultura contempor\u00e1nea.<\/p>\n\n\n\n<p>Coachella atrae a multitudes ansiosas por presenciar actuaciones impresionantes de algunos de los artistas m\u00e1s destacados de la actualidad. Este a\u00f1o, el festival se extiende a lo largo de dos fines de semana de primavera: del viernes 12 al domingo 14 de abril, y del viernes 19 al domingo 21 del mismo mes.<\/p>\n\n\n\n<p>Con Carin Le\u00f3n como uno de los protagonistas destacados de esta edici\u00f3n, Coachella promete seguir siendo un espacio donde la m\u00fasica y la cultura se fusionan para deleitar a miles de seguidores de todo el mundo.<\/p>\n\n\n\n<p><\/p>\n\n\n\n<figure class=\"wp-block-embed is-type-rich is-provider-twitter wp-block-embed-twitter\"><div class=\"wp-block-embed__wrapper\">\n<blockquote class=\"twitter-tweet\" data-width=\"500\" data-dnt=\"true\"><p lang=\"es\" dir=\"ltr\">El rugido del Le\u00f3n lleg\u00f3 hasta <a href=\"https:\/\/twitter.com\/hashtag\/Coachella?src=hash&amp;ref_src=twsrc%5Etfw\">#Coachella<\/a><br><br>Carin Le\u00f3n &#8211; La boda del Huitlacoche <a href=\"https:\/\/t.co\/POjSOGUPjl\">pic.twitter.com\/POjSOGUPjl<\/a><\/p>&mdash; V\u00edvelo Canc\u00fan (@ViveloCancun) <a href=\"https:\/\/twitter.com\/ViveloCancun\/status\/1779677877887180810?ref_src=twsrc%5Etfw\">April 15, 2024<\/a><\/blockquote><script async src=\"https:\/\/platform.twitter.com\/widgets.js\" charset=\"utf-8\"><\/script>\n<\/div><\/figure>\n","protected":false},"excerpt":{"rendered":"<p>El talentoso cantante sonorense, Carin Le\u00f3n, est\u00e1 dejando una huella imborrable en el escenario del famoso Festival de Coachella, que tiene lugar anualmente en el desierto de Indio, California. Desde las 5:25 p. m. hasta las 6:15 p. m., el artista mexicano est\u00e1 ofreciendo una actuaci\u00f3n cargada de energ\u00eda en el escenario principal del festival, &hellip;<\/p>\n<p class=\"read-more\"> <a class=\"\" href=\"https:\/\/lanortenita917.com.mx\/index.php\/2024\/04\/15\/carin-leon-electriza-al-publico-en-el-festival-coachella\/\"> <span class=\"screen-reader-text\">Carin Le\u00f3n electriza al p\u00fablico en el Festival Coachella<\/span> Leer m\u00e1s &raquo;<\/a><\/p>\n","protected":false},"author":7,"featured_media":123527,"comment_status":"closed","ping_status":"closed","sticky":false,"template":"","format":"standard","meta":{"site-sidebar-layout":"default","site-content-layout":"","ast-site-content-layout":"default","site-content-style":"default","site-sidebar-style":"default","ast-global-header-display":"","ast-banner-title-visibility":"","ast-main-header-display":"","ast-hfb-above-header-display":"","ast-hfb-below-header-display":"","ast-hfb-mobile-header-display":"","site-post-title":"","ast-breadcrumbs-content":"","ast-featured-img":"","footer-sml-layout":"","theme-transparent-header-meta":"","adv-header-id-meta":"","stick-header-meta":"","header-above-stick-meta":"","header-main-stick-meta":"","header-below-stick-meta":"","astra-migrate-meta-layouts":"set","footnotes":""},"categories":[8,10,12,11],"tags":[],"class_list":["post-123526","post","type-post","status-publish","format-standard","has-post-thumbnail","hentry","category-espectaculos","category-notaslanortenita","category-notasmagiadigital","category-ocio"],"_links":{"self":[{"href":"https:\/\/lanortenita917.com.mx\/index.php\/wp-json\/wp\/v2\/posts\/123526","targetHints":{"allow":["GET"]}}],"collection":[{"href":"https:\/\/lanortenita917.com.mx\/index.php\/wp-json\/wp\/v2\/posts"}],"about":[{"href":"https:\/\/lanortenita917.com.mx\/index.php\/wp-json\/wp\/v2\/types\/post"}],"author":[{"embeddable":true,"href":"https:\/\/lanortenita917.com.mx\/index.php\/wp-json\/wp\/v2\/users\/7"}],"replies":[{"embeddable":true,"href":"https:\/\/lanortenita917.com.mx\/index.php\/wp-json\/wp\/v2\/comments?post=123526"}],"version-history":[{"count":1,"href":"https:\/\/lanortenita917.com.mx\/index.php\/wp-json\/wp\/v2\/posts\/123526\/revisions"}],"predecessor-version":[{"id":123532,"href":"https:\/\/lanortenita917.com.mx\/index.php\/wp-json\/wp\/v2\/posts\/123526\/revisions\/123532"}],"wp:featuredmedia":[{"embeddable":true,"href":"https:\/\/lanortenita917.com.mx\/index.php\/wp-json\/wp\/v2\/media\/123527"}],"wp:attachment":[{"href":"https:\/\/lanortenita917.com.mx\/index.php\/wp-json\/wp\/v2\/media?parent=123526"}],"wp:term":[{"taxonomy":"category","embeddable":true,"href":"https:\/\/lanortenita917.com.mx\/index.php\/wp-json\/wp\/v2\/categories?post=123526"},{"taxonomy":"post_tag","embeddable":true,"href":"https:\/\/lanortenita917.com.mx\/index.php\/wp-json\/wp\/v2\/tags?post=123526"}],"curies":[{"name":"wp","href":"https:\/\/api.w.org\/{rel}","templated":true}]}}