{"id":118518,"date":"2024-03-15T15:47:14","date_gmt":"2024-03-15T15:47:14","guid":{"rendered":"https:\/\/enblancoynegro.com.mx\/?p=118518"},"modified":"2024-03-15T15:47:14","modified_gmt":"2024-03-15T15:47:14","slug":"shakira-se-une-a-grupo-frontera-para-su-proximo-lanzamiento-musical","status":"publish","type":"post","link":"https:\/\/lanortenita917.com.mx\/index.php\/2024\/03\/15\/shakira-se-une-a-grupo-frontera-para-su-proximo-lanzamiento-musical\/","title":{"rendered":"Shakira se une a Grupo Frontera para su pr\u00f3ximo lanzamiento musical"},"content":{"rendered":"\n<p>El reloj marc\u00f3 el inicio de marzo y la cuenta regresiva para el estreno de &#8216;Las Mujeres Ya No Lloran&#8217; comenz\u00f3. Shakira, en preparaci\u00f3n para este esperado lanzamiento, ha decidido revelar detalles adicionales sobre las nuevas canciones que deleitar\u00e1n nuestros o\u00eddos una vez que llegue el d\u00eda se\u00f1alado.<\/p>\n\n\n\n<p>Una de las colaboraciones m\u00e1s destacadas del pr\u00f3ximo \u00e1lbum de la cantante es con Grupo Frontera. La colombiana anunci\u00f3 con entusiasmo su trabajo conjunto en &#8216;(Entre Par\u00e9ntesis)&#8217;, el t\u00edtulo del nuevo sencillo, que se inscribe dentro del g\u00e9nero musical regional mexicano.<\/p>\n\n\n\n<p>Shakira comparti\u00f3 un momento especial de la primera sesi\u00f3n con Grupo Frontera, capturando a todos los miembros de la banda junto a la sonriente int\u00e9rprete de &#8216;Sale El Sol&#8217;. En la descripci\u00f3n de la publicaci\u00f3n, la artista destac\u00f3 que esta colaboraci\u00f3n ser\u00eda su &#8220;contribuci\u00f3n&#8221; al g\u00e9nero.<\/p>\n\n\n\n<p>La tan esperada canci\u00f3n ver\u00e1 la luz el viernes 22 de marzo, coincidiendo con el lanzamiento mundial del \u00e1lbum de estudio de la talentosa barranquillera, lo que significa que solo nos separan diez d\u00edas de este emocionante evento.<\/p>\n\n\n\n<p>Pero &#8216;(Entre Par\u00e9ntesis)&#8217; no es el \u00fanico tema de ra\u00edces mexicanas que formar\u00e1 parte de este proyecto musical, ya que Shakira tambi\u00e9n ha colaborado con Fuerza Regida en &#8216;El Jefe&#8217;, una canci\u00f3n que aborda temas como los malos jefes y diversos problemas sociales.<\/p>\n\n\n\n<p>Se anticipa que &#8216;Las Mujeres Ya No Lloran&#8217; ser\u00e1 un disco vers\u00e1til, compuesto por una variedad de g\u00e9neros musicales, que van desde el reguet\u00f3n hasta el regional mexicano, pasando por la balada y el rock.<\/p>\n\n\n\n<figure class=\"wp-block-image size-full\"><img decoding=\"async\" src=\"https:\/\/enblancoynegro.com.mx\/wp-content\/uploads\/2024\/03\/SHAK02.png\" alt=\"\" class=\"wp-image-118521\"\/><\/figure>\n","protected":false},"excerpt":{"rendered":"<p>El reloj marc\u00f3 el inicio de marzo y la cuenta regresiva para el estreno de &#8216;Las Mujeres Ya No Lloran&#8217; comenz\u00f3. Shakira, en preparaci\u00f3n para este esperado lanzamiento, ha decidido revelar detalles adicionales sobre las nuevas canciones que deleitar\u00e1n nuestros o\u00eddos una vez que llegue el d\u00eda se\u00f1alado. Una de las colaboraciones m\u00e1s destacadas del &hellip;<\/p>\n<p class=\"read-more\"> <a class=\"\" href=\"https:\/\/lanortenita917.com.mx\/index.php\/2024\/03\/15\/shakira-se-une-a-grupo-frontera-para-su-proximo-lanzamiento-musical\/\"> <span class=\"screen-reader-text\">Shakira se une a Grupo Frontera para su pr\u00f3ximo lanzamiento musical<\/span> Leer m\u00e1s &raquo;<\/a><\/p>\n","protected":false},"author":7,"featured_media":118527,"comment_status":"closed","ping_status":"closed","sticky":false,"template":"","format":"standard","meta":{"site-sidebar-layout":"default","site-content-layout":"","ast-site-content-layout":"default","site-content-style":"default","site-sidebar-style":"default","ast-global-header-display":"","ast-banner-title-visibility":"","ast-main-header-display":"","ast-hfb-above-header-display":"","ast-hfb-below-header-display":"","ast-hfb-mobile-header-display":"","site-post-title":"","ast-breadcrumbs-content":"","ast-featured-img":"","footer-sml-layout":"","theme-transparent-header-meta":"","adv-header-id-meta":"","stick-header-meta":"","header-above-stick-meta":"","header-main-stick-meta":"","header-below-stick-meta":"","astra-migrate-meta-layouts":"set","footnotes":""},"categories":[8,10,12,11],"tags":[],"class_list":["post-118518","post","type-post","status-publish","format-standard","has-post-thumbnail","hentry","category-espectaculos","category-notaslanortenita","category-notasmagiadigital","category-ocio"],"_links":{"self":[{"href":"https:\/\/lanortenita917.com.mx\/index.php\/wp-json\/wp\/v2\/posts\/118518","targetHints":{"allow":["GET"]}}],"collection":[{"href":"https:\/\/lanortenita917.com.mx\/index.php\/wp-json\/wp\/v2\/posts"}],"about":[{"href":"https:\/\/lanortenita917.com.mx\/index.php\/wp-json\/wp\/v2\/types\/post"}],"author":[{"embeddable":true,"href":"https:\/\/lanortenita917.com.mx\/index.php\/wp-json\/wp\/v2\/users\/7"}],"replies":[{"embeddable":true,"href":"https:\/\/lanortenita917.com.mx\/index.php\/wp-json\/wp\/v2\/comments?post=118518"}],"version-history":[{"count":1,"href":"https:\/\/lanortenita917.com.mx\/index.php\/wp-json\/wp\/v2\/posts\/118518\/revisions"}],"predecessor-version":[{"id":118525,"href":"https:\/\/lanortenita917.com.mx\/index.php\/wp-json\/wp\/v2\/posts\/118518\/revisions\/118525"}],"wp:featuredmedia":[{"embeddable":true,"href":"https:\/\/lanortenita917.com.mx\/index.php\/wp-json\/wp\/v2\/media\/118527"}],"wp:attachment":[{"href":"https:\/\/lanortenita917.com.mx\/index.php\/wp-json\/wp\/v2\/media?parent=118518"}],"wp:term":[{"taxonomy":"category","embeddable":true,"href":"https:\/\/lanortenita917.com.mx\/index.php\/wp-json\/wp\/v2\/categories?post=118518"},{"taxonomy":"post_tag","embeddable":true,"href":"https:\/\/lanortenita917.com.mx\/index.php\/wp-json\/wp\/v2\/tags?post=118518"}],"curies":[{"name":"wp","href":"https:\/\/api.w.org\/{rel}","templated":true}]}}