{"id":115339,"date":"2024-02-27T18:06:10","date_gmt":"2024-02-27T18:06:10","guid":{"rendered":"https:\/\/enblancoynegro.com.mx\/?p=115339"},"modified":"2024-02-27T18:06:11","modified_gmt":"2024-02-27T18:06:11","slug":"peso-pluma-echandole-humildad-termina-anexado-en-jalisco","status":"publish","type":"post","link":"https:\/\/lanortenita917.com.mx\/index.php\/2024\/02\/27\/peso-pluma-echandole-humildad-termina-anexado-en-jalisco\/","title":{"rendered":"Peso Pluma &#8220;ech\u00e1ndole humildad&#8221; termina anexado en Jalisco"},"content":{"rendered":"\n<p>El reconocido cantante de corridos tumbados, Peso Pluma, ha sido ingresado a una cl\u00ednica de rehabilitaci\u00f3n ubicada en Jalisco, su estado natal. Hasta el momento, no se ha proporcionado una versi\u00f3n oficial sobre los motivos de su internamiento, generando especulaciones entre sus seguidores.<\/p>\n\n\n\n<p>Seg\u00fan el periodista espa\u00f1ol Jordi Martin, Peso Pluma se encuentra en una cl\u00ednica hol\u00edstica conocida como Maluri o 5 Lunas de Maluri, situada en la carretera Jocotepec con direcci\u00f3n a Chapala. No es la primera vez que el cantante estar\u00eda en este lugar, ya que seg\u00fan informes, habr\u00eda ingresado previamente en el 2023.<\/p>\n\n\n\n<p>La raz\u00f3n detr\u00e1s de su internamiento no ha sido revelada, y los motivos exactos a\u00fan son objeto de especulaci\u00f3n. Algunas teor\u00edas apuntan a su reciente ruptura con la cantante Nicki Nicole como una posible causa, ya que cancel\u00f3 su participaci\u00f3n en el festival Vi\u00f1a del Mar poco despu\u00e9s de anunciar la separaci\u00f3n.<\/p>\n\n\n\n<p>El pasado 22 de febrero, Peso Pluma inform\u00f3 sobre la cancelaci\u00f3n de su participaci\u00f3n en Vi\u00f1a del Mar, sin proporcionar detalles sobre las razones detr\u00e1s de esta decisi\u00f3n. Asimismo, recientemente cancel\u00f3 su gira &#8220;Exodo Tour&#8221; por Latinoam\u00e9rica, generando incertidumbre entre sus seguidores.<\/p>\n\n\n\n<figure class=\"wp-block-image size-full\"><img decoding=\"async\" src=\"https:\/\/enblancoynegro.com.mx\/wp-content\/uploads\/2024\/02\/pp1.png\" alt=\"\" class=\"wp-image-115341\"\/><\/figure>\n\n\n\n<p>Aunque el cantante tiene compromisos programados hasta octubre del 2024, incluyendo presentaciones en Estados Unidos y su participaci\u00f3n en el festival Coachella, su actual situaci\u00f3n de salud y los motivos de su internamiento son desconocidos.<\/p>\n\n\n\n<p>Este acontecimiento ha generado inter\u00e9s y preocupaci\u00f3n en el p\u00fablico, y se espera que en los pr\u00f3ximos d\u00edas se brinde mayor claridad sobre la situaci\u00f3n y el estado de salud de Peso Pluma.<\/p>\n","protected":false},"excerpt":{"rendered":"<p>El reconocido cantante de corridos tumbados, Peso Pluma, ha sido ingresado a una cl\u00ednica de rehabilitaci\u00f3n ubicada en Jalisco, su estado natal. Hasta el momento, no se ha proporcionado una versi\u00f3n oficial sobre los motivos de su internamiento, generando especulaciones entre sus seguidores. Seg\u00fan el periodista espa\u00f1ol Jordi Martin, Peso Pluma se encuentra en una &hellip;<\/p>\n<p class=\"read-more\"> <a class=\"\" href=\"https:\/\/lanortenita917.com.mx\/index.php\/2024\/02\/27\/peso-pluma-echandole-humildad-termina-anexado-en-jalisco\/\"> <span class=\"screen-reader-text\">Peso Pluma &#8220;ech\u00e1ndole humildad&#8221; termina anexado en Jalisco<\/span> Leer m\u00e1s &raquo;<\/a><\/p>\n","protected":false},"author":7,"featured_media":115347,"comment_status":"closed","ping_status":"closed","sticky":false,"template":"","format":"standard","meta":{"site-sidebar-layout":"default","site-content-layout":"","ast-site-content-layout":"default","site-content-style":"default","site-sidebar-style":"default","ast-global-header-display":"","ast-banner-title-visibility":"","ast-main-header-display":"","ast-hfb-above-header-display":"","ast-hfb-below-header-display":"","ast-hfb-mobile-header-display":"","site-post-title":"","ast-breadcrumbs-content":"","ast-featured-img":"","footer-sml-layout":"","theme-transparent-header-meta":"","adv-header-id-meta":"","stick-header-meta":"","header-above-stick-meta":"","header-main-stick-meta":"","header-below-stick-meta":"","astra-migrate-meta-layouts":"set","footnotes":""},"categories":[8,10,12,11],"tags":[],"class_list":["post-115339","post","type-post","status-publish","format-standard","has-post-thumbnail","hentry","category-espectaculos","category-notaslanortenita","category-notasmagiadigital","category-ocio"],"_links":{"self":[{"href":"https:\/\/lanortenita917.com.mx\/index.php\/wp-json\/wp\/v2\/posts\/115339","targetHints":{"allow":["GET"]}}],"collection":[{"href":"https:\/\/lanortenita917.com.mx\/index.php\/wp-json\/wp\/v2\/posts"}],"about":[{"href":"https:\/\/lanortenita917.com.mx\/index.php\/wp-json\/wp\/v2\/types\/post"}],"author":[{"embeddable":true,"href":"https:\/\/lanortenita917.com.mx\/index.php\/wp-json\/wp\/v2\/users\/7"}],"replies":[{"embeddable":true,"href":"https:\/\/lanortenita917.com.mx\/index.php\/wp-json\/wp\/v2\/comments?post=115339"}],"version-history":[{"count":1,"href":"https:\/\/lanortenita917.com.mx\/index.php\/wp-json\/wp\/v2\/posts\/115339\/revisions"}],"predecessor-version":[{"id":115345,"href":"https:\/\/lanortenita917.com.mx\/index.php\/wp-json\/wp\/v2\/posts\/115339\/revisions\/115345"}],"wp:featuredmedia":[{"embeddable":true,"href":"https:\/\/lanortenita917.com.mx\/index.php\/wp-json\/wp\/v2\/media\/115347"}],"wp:attachment":[{"href":"https:\/\/lanortenita917.com.mx\/index.php\/wp-json\/wp\/v2\/media?parent=115339"}],"wp:term":[{"taxonomy":"category","embeddable":true,"href":"https:\/\/lanortenita917.com.mx\/index.php\/wp-json\/wp\/v2\/categories?post=115339"},{"taxonomy":"post_tag","embeddable":true,"href":"https:\/\/lanortenita917.com.mx\/index.php\/wp-json\/wp\/v2\/tags?post=115339"}],"curies":[{"name":"wp","href":"https:\/\/api.w.org\/{rel}","templated":true}]}}