{"id":114101,"date":"2024-02-20T18:45:23","date_gmt":"2024-02-20T18:45:23","guid":{"rendered":"https:\/\/enblancoynegro.com.mx\/?p=114101"},"modified":"2024-02-20T18:45:25","modified_gmt":"2024-02-20T18:45:25","slug":"primeras-imagenes-del-accidente-de-grupo-duelo-despues-de-su-concierto-en-monterrey","status":"publish","type":"post","link":"https:\/\/lanortenita917.com.mx\/index.php\/2024\/02\/20\/primeras-imagenes-del-accidente-de-grupo-duelo-despues-de-su-concierto-en-monterrey\/","title":{"rendered":"Primeras Im\u00e1genes del Accidente de Grupo Duelo Despu\u00e9s de su Concierto en Monterrey"},"content":{"rendered":"\n<p>Tras el reciente comunicado de Grupo Duelo informando sobre un fuerte accidente despu\u00e9s de su concierto en la Arena Monterrey, han salido a la luz las primeras im\u00e1genes del incidente. El accidente ocurri\u00f3 alrededor de las 4 de la ma\u00f1ana en el kil\u00f3metro 29 de la carretera Monterrey-Reynosa.<\/p>\n\n\n\n<p>De acuerdo con Protecci\u00f3n Civil de Nuevo Le\u00f3n, el percance fue una volcadura que involucr\u00f3 a una camioneta Ford Escape. Los equipos de emergencia acudieron al lugar y utilizaron herramientas hidr\u00e1ulicas para liberar a dos personas atrapadas en el veh\u00edculo.<\/p>\n\n\n\n<figure class=\"wp-block-image size-full\"><img decoding=\"async\" src=\"https:\/\/enblancoynegro.com.mx\/wp-content\/uploads\/2024\/02\/duelo1.png\" alt=\"\" class=\"wp-image-114103\"\/><\/figure>\n\n\n\n<p>En total, cuatro personas resultaron lesionadas y fueron trasladadas a hospitales cercanos. Los nombres de los heridos son:<\/p>\n\n\n\n<p>&nbsp;&nbsp;&nbsp; Alberto \u00c1ngel Meza Ibarra, de 50 a\u00f1os, trasladado al Hospital General de Ju\u00e1rez.<\/p>\n\n\n\n<p>&nbsp;&nbsp;&nbsp; Tania L\u00f3pez Hern\u00e1ndez, de 26 a\u00f1os, trasladada al Hospital General de Ju\u00e1rez.<\/p>\n\n\n\n<p>&nbsp;&nbsp;&nbsp; Iv\u00e1n Manuel Torres Rodr\u00edguez, trasladado al Hospital Los \u00c1ngeles.<\/p>\n\n\n\n<p>&nbsp;&nbsp;&nbsp; Pedro Ignacio Flores Areguillin, trasladado al Hospital Los \u00c1ngeles.<\/p>\n\n\n\n<p>La Guardia Nacional confirm\u00f3 que no hay riesgos adicionales en la zona. La noticia ha generado preocupaci\u00f3n entre los fan\u00e1ticos del grupo, quienes est\u00e1n pendientes de cualquier actualizaci\u00f3n sobre la salud de los miembros de Grupo Duelo y enviando mensajes de apoyo a trav\u00e9s de las redes sociales.<\/p>\n","protected":false},"excerpt":{"rendered":"<p>Tras el reciente comunicado de Grupo Duelo informando sobre un fuerte accidente despu\u00e9s de su concierto en la Arena Monterrey, han salido a la luz las primeras im\u00e1genes del incidente. El accidente ocurri\u00f3 alrededor de las 4 de la ma\u00f1ana en el kil\u00f3metro 29 de la carretera Monterrey-Reynosa. De acuerdo con Protecci\u00f3n Civil de Nuevo &hellip;<\/p>\n<p class=\"read-more\"> <a class=\"\" href=\"https:\/\/lanortenita917.com.mx\/index.php\/2024\/02\/20\/primeras-imagenes-del-accidente-de-grupo-duelo-despues-de-su-concierto-en-monterrey\/\"> <span class=\"screen-reader-text\">Primeras Im\u00e1genes del Accidente de Grupo Duelo Despu\u00e9s de su Concierto en Monterrey<\/span> Leer m\u00e1s &raquo;<\/a><\/p>\n","protected":false},"author":7,"featured_media":114104,"comment_status":"closed","ping_status":"closed","sticky":false,"template":"","format":"standard","meta":{"site-sidebar-layout":"default","site-content-layout":"","ast-site-content-layout":"default","site-content-style":"default","site-sidebar-style":"default","ast-global-header-display":"","ast-banner-title-visibility":"","ast-main-header-display":"","ast-hfb-above-header-display":"","ast-hfb-below-header-display":"","ast-hfb-mobile-header-display":"","site-post-title":"","ast-breadcrumbs-content":"","ast-featured-img":"","footer-sml-layout":"","theme-transparent-header-meta":"","adv-header-id-meta":"","stick-header-meta":"","header-above-stick-meta":"","header-main-stick-meta":"","header-below-stick-meta":"","astra-migrate-meta-layouts":"set","footnotes":""},"categories":[8,10,12,11],"tags":[],"class_list":["post-114101","post","type-post","status-publish","format-standard","has-post-thumbnail","hentry","category-espectaculos","category-notaslanortenita","category-notasmagiadigital","category-ocio"],"_links":{"self":[{"href":"https:\/\/lanortenita917.com.mx\/index.php\/wp-json\/wp\/v2\/posts\/114101","targetHints":{"allow":["GET"]}}],"collection":[{"href":"https:\/\/lanortenita917.com.mx\/index.php\/wp-json\/wp\/v2\/posts"}],"about":[{"href":"https:\/\/lanortenita917.com.mx\/index.php\/wp-json\/wp\/v2\/types\/post"}],"author":[{"embeddable":true,"href":"https:\/\/lanortenita917.com.mx\/index.php\/wp-json\/wp\/v2\/users\/7"}],"replies":[{"embeddable":true,"href":"https:\/\/lanortenita917.com.mx\/index.php\/wp-json\/wp\/v2\/comments?post=114101"}],"version-history":[{"count":1,"href":"https:\/\/lanortenita917.com.mx\/index.php\/wp-json\/wp\/v2\/posts\/114101\/revisions"}],"predecessor-version":[{"id":114102,"href":"https:\/\/lanortenita917.com.mx\/index.php\/wp-json\/wp\/v2\/posts\/114101\/revisions\/114102"}],"wp:featuredmedia":[{"embeddable":true,"href":"https:\/\/lanortenita917.com.mx\/index.php\/wp-json\/wp\/v2\/media\/114104"}],"wp:attachment":[{"href":"https:\/\/lanortenita917.com.mx\/index.php\/wp-json\/wp\/v2\/media?parent=114101"}],"wp:term":[{"taxonomy":"category","embeddable":true,"href":"https:\/\/lanortenita917.com.mx\/index.php\/wp-json\/wp\/v2\/categories?post=114101"},{"taxonomy":"post_tag","embeddable":true,"href":"https:\/\/lanortenita917.com.mx\/index.php\/wp-json\/wp\/v2\/tags?post=114101"}],"curies":[{"name":"wp","href":"https:\/\/api.w.org\/{rel}","templated":true}]}}