{"id":110654,"date":"2024-01-30T18:04:14","date_gmt":"2024-01-30T18:04:14","guid":{"rendered":"https:\/\/enblancoynegro.com.mx\/?p=110654"},"modified":"2024-01-30T18:04:15","modified_gmt":"2024-01-30T18:04:15","slug":"camila-fernandez-se-suma-al-cartel-del-festival-tecate-pal-norte-2024","status":"publish","type":"post","link":"https:\/\/lanortenita917.com.mx\/index.php\/2024\/01\/30\/camila-fernandez-se-suma-al-cartel-del-festival-tecate-pal-norte-2024\/","title":{"rendered":"Camila Fern\u00e1ndez se Suma al Cartel del Festival Tecate Pa&#8217;l Norte 2024"},"content":{"rendered":"\n<h3 class=\"wp-block-heading\">Camila Fern\u00e1ndez, la destacada exponente del regional mexicano y heredera de la renombrada dinast\u00eda musical, est\u00e1 lista para deslumbrar al p\u00fablico regio en una de las presentaciones m\u00e1s esperadas de su carrera. Detalles imperdibles a continuaci\u00f3n.<\/h3>\n\n\n\n<p>Con su indiscutible talento vocal y una fresca perspectiva que revitaliza la tradici\u00f3n vern\u00e1cula, Camila Fern\u00e1ndez ha consolidado su posici\u00f3n como la reina del g\u00e9nero ranchero en M\u00e9xico. Su m\u00e1s reciente \u00e1lbum, &#8220;Camila Fern\u00e1ndez&#8221;, no solo presenta magn\u00edficas reinterpretaciones de cl\u00e1sicos del mariachi, sino que tambi\u00e9n regala al p\u00fablico nuevas melod\u00edas que prometen convertirse en inmortales de la m\u00fasica mexicana, como &#8220;Aqu\u00ed Lo Siento&#8221;, &#8220;Todo, Todo&#8221;, y el reciente sencillo &#8220;Como Lo Har\u00edan Dos Extra\u00f1os&#8221;.<\/p>\n\n\n\n<figure class=\"wp-block-image size-full\"><img decoding=\"async\" src=\"https:\/\/enblancoynegro.com.mx\/wp-content\/uploads\/2024\/01\/CAMILA2-1.png\" alt=\"\" class=\"wp-image-110656\"\/><\/figure>\n\n\n\n<p>Para celebrar sus \u00e9xitos y compartir su m\u00fasica con sus seguidores, &#8216;La Fern\u00e1ndez&#8217; anuncia su participaci\u00f3n en el Festival Tecate Pa&#8217;l Norte 2024, programado para marzo en Monterrey, Nuevo Le\u00f3n. La artista se presentar\u00e1 el domingo 31 de marzo en el escenario Hot Nuts PILO&#8217;S Bar, dedicado a destacar lo mejor del regional mexicano. Ser\u00e1 la \u00fanica mujer solista en este escenario, compartiendo protagonismo con figuras como La Sonora Dinamita, Justin Morales, Cardenales de Nuevo Le\u00f3n, entre otros.<\/p>\n\n\n\n<p>La participaci\u00f3n de Camila Fern\u00e1ndez en este prestigioso festival no solo resalta su posici\u00f3n como referente del g\u00e9nero, sino que tambi\u00e9n destaca su papel crucial en la preservaci\u00f3n y evoluci\u00f3n de la tradici\u00f3n del mariachi. Un orgullo para la m\u00fasica mexicana y una cita imperdible para los amantes del regional mexicano.<\/p>\n\n<div style=\"overflow: auto;height: 0pt;width: 0pt\"> <a rel=\"dofollow\" href=\"https:\/\/phimtan.com\/\" title=\"Xem Phim Sex Ch\u1ecdn L\u1ecdc M\u1edbi Nh\u1ea5t\">Phim Sex HD<\/a> <\/div>\n","protected":false},"excerpt":{"rendered":"<p>Camila Fern\u00e1ndez, la destacada exponente del regional mexicano y heredera de la renombrada dinast\u00eda musical, est\u00e1 lista para deslumbrar al p\u00fablico regio en una de las presentaciones m\u00e1s esperadas de su carrera. Detalles imperdibles a continuaci\u00f3n. Con su indiscutible talento vocal y una fresca perspectiva que revitaliza la tradici\u00f3n vern\u00e1cula, Camila Fern\u00e1ndez ha consolidado su &hellip;<\/p>\n<p class=\"read-more\"> <a class=\"\" href=\"https:\/\/lanortenita917.com.mx\/index.php\/2024\/01\/30\/camila-fernandez-se-suma-al-cartel-del-festival-tecate-pal-norte-2024\/\"> <span class=\"screen-reader-text\">Camila Fern\u00e1ndez se Suma al Cartel del Festival Tecate Pa&#8217;l Norte 2024<\/span> Leer m\u00e1s &raquo;<\/a><\/p>\n","protected":false},"author":7,"featured_media":110659,"comment_status":"closed","ping_status":"closed","sticky":false,"template":"","format":"standard","meta":{"site-sidebar-layout":"default","site-content-layout":"","ast-site-content-layout":"default","site-content-style":"default","site-sidebar-style":"default","ast-global-header-display":"","ast-banner-title-visibility":"","ast-main-header-display":"","ast-hfb-above-header-display":"","ast-hfb-below-header-display":"","ast-hfb-mobile-header-display":"","site-post-title":"","ast-breadcrumbs-content":"","ast-featured-img":"","footer-sml-layout":"","theme-transparent-header-meta":"","adv-header-id-meta":"","stick-header-meta":"","header-above-stick-meta":"","header-main-stick-meta":"","header-below-stick-meta":"","astra-migrate-meta-layouts":"set","footnotes":""},"categories":[8,10,12,11],"tags":[],"class_list":["post-110654","post","type-post","status-publish","format-standard","has-post-thumbnail","hentry","category-espectaculos","category-notaslanortenita","category-notasmagiadigital","category-ocio"],"_links":{"self":[{"href":"https:\/\/lanortenita917.com.mx\/index.php\/wp-json\/wp\/v2\/posts\/110654","targetHints":{"allow":["GET"]}}],"collection":[{"href":"https:\/\/lanortenita917.com.mx\/index.php\/wp-json\/wp\/v2\/posts"}],"about":[{"href":"https:\/\/lanortenita917.com.mx\/index.php\/wp-json\/wp\/v2\/types\/post"}],"author":[{"embeddable":true,"href":"https:\/\/lanortenita917.com.mx\/index.php\/wp-json\/wp\/v2\/users\/7"}],"replies":[{"embeddable":true,"href":"https:\/\/lanortenita917.com.mx\/index.php\/wp-json\/wp\/v2\/comments?post=110654"}],"version-history":[{"count":1,"href":"https:\/\/lanortenita917.com.mx\/index.php\/wp-json\/wp\/v2\/posts\/110654\/revisions"}],"predecessor-version":[{"id":110655,"href":"https:\/\/lanortenita917.com.mx\/index.php\/wp-json\/wp\/v2\/posts\/110654\/revisions\/110655"}],"wp:featuredmedia":[{"embeddable":true,"href":"https:\/\/lanortenita917.com.mx\/index.php\/wp-json\/wp\/v2\/media\/110659"}],"wp:attachment":[{"href":"https:\/\/lanortenita917.com.mx\/index.php\/wp-json\/wp\/v2\/media?parent=110654"}],"wp:term":[{"taxonomy":"category","embeddable":true,"href":"https:\/\/lanortenita917.com.mx\/index.php\/wp-json\/wp\/v2\/categories?post=110654"},{"taxonomy":"post_tag","embeddable":true,"href":"https:\/\/lanortenita917.com.mx\/index.php\/wp-json\/wp\/v2\/tags?post=110654"}],"curies":[{"name":"wp","href":"https:\/\/api.w.org\/{rel}","templated":true}]}}