{"id":109080,"date":"2024-01-22T19:50:36","date_gmt":"2024-01-22T19:50:36","guid":{"rendered":"https:\/\/enblancoynegro.com.mx\/?p=109079"},"modified":"2024-01-22T19:51:37","modified_gmt":"2024-01-22T19:51:37","slug":"esposa-de-el-mimoso-denuncia-violencia-por-parte-del-cantante-el-reacciona","status":"publish","type":"post","link":"https:\/\/lanortenita917.com.mx\/index.php\/2024\/01\/22\/esposa-de-el-mimoso-denuncia-violencia-por-parte-del-cantante-el-reacciona\/","title":{"rendered":"Esposa de \u2018El Mimoso\u2019 Denuncia Violencia por Parte del Cantante; \u00c9l Reacciona"},"content":{"rendered":"\n<p>En una impactante revelaci\u00f3n, la esposa de Luis Antonio L\u00f3pez, conocido como &#8220;El Mimoso&#8221;, hizo una denuncia p\u00fablica de violencia por parte del exvocalista del grupo El Recodo. Elena Delf\u00edn, identificada como @mariadlfin en Instagram, comparti\u00f3 un video detallando su experiencia de abuso f\u00edsico, psicol\u00f3gico y emocional.<\/p>\n\n\n\n<p>Elena Delf\u00edn afirm\u00f3 que lleva meses siendo v\u00edctima de violencia y explic\u00f3 que ha presentado dos denuncias formales, la primera en agosto y la segunda en diciembre de 2023. Sin embargo, expres\u00f3 su frustraci\u00f3n por la falta de respuesta adecuada de las autoridades de Monterrey, sugiriendo que la fama p\u00fablica de su esposo podr\u00eda estar influyendo en la situaci\u00f3n.<\/p>\n\n\n\n<figure class=\"wp-block-image size-full\"><img decoding=\"async\" src=\"https:\/\/enblancoynegro.com.mx\/wp-content\/uploads\/2024\/01\/mimoso1.png\" alt=\"\" class=\"wp-image-109081\"\/><\/figure>\n\n\n\n<p>En su denuncia, mencion\u00f3 haber vivido con miedo y verg\u00fcenza, y decidi\u00f3 hacerlo p\u00fablico para buscar justicia. La revelaci\u00f3n gener\u00f3 una oleada de apoyo en las redes sociales.<\/p>\n\n\n\n<p>En respuesta a las acusaciones, &#8220;El Mimoso&#8221; realiz\u00f3 una transmisi\u00f3n en vivo en su cuenta de Facebook para dar su versi\u00f3n de los hechos. Neg\u00f3 vehementemente haber ejercido violencia f\u00edsica contra su esposa y calific\u00f3 la acusaci\u00f3n como una grave difamaci\u00f3n. Admiti\u00f3 que existe un problema econ\u00f3mico en la relaci\u00f3n, pero neg\u00f3 rotundamente la violencia psicol\u00f3gica o f\u00edsica.<\/p>\n\n\n\n<figure class=\"wp-block-image size-full\"><img decoding=\"async\" src=\"https:\/\/enblancoynegro.com.mx\/wp-content\/uploads\/2024\/01\/mimoso3.png\" alt=\"\" class=\"wp-image-109082\"\/><\/figure>\n\n\n\n<p>La denuncia y la respuesta del cantante han generado una intensa discusi\u00f3n en las redes sociales, dividiendo las opiniones de los seguidores y generando un debate sobre la importancia de abordar los casos de violencia dom\u00e9stica y la veracidad de las denuncias p\u00fablicas.<\/p>\n","protected":false},"excerpt":{"rendered":"<p>En una impactante revelaci\u00f3n, la esposa de Luis Antonio L\u00f3pez, conocido como &#8220;El Mimoso&#8221;, hizo una denuncia p\u00fablica de violencia por parte del exvocalista del grupo El Recodo. Elena Delf\u00edn, identificada como @mariadlfin en Instagram, comparti\u00f3 un video detallando su experiencia de abuso f\u00edsico, psicol\u00f3gico y emocional. Elena Delf\u00edn afirm\u00f3 que lleva meses siendo v\u00edctima &hellip;<\/p>\n<p class=\"read-more\"> <a class=\"\" href=\"https:\/\/lanortenita917.com.mx\/index.php\/2024\/01\/22\/esposa-de-el-mimoso-denuncia-violencia-por-parte-del-cantante-el-reacciona\/\"> <span class=\"screen-reader-text\">Esposa de \u2018El Mimoso\u2019 Denuncia Violencia por Parte del Cantante; \u00c9l Reacciona<\/span> Leer m\u00e1s &raquo;<\/a><\/p>\n","protected":false},"author":7,"featured_media":109084,"comment_status":"closed","ping_status":"closed","sticky":false,"template":"","format":"standard","meta":{"site-sidebar-layout":"default","site-content-layout":"","ast-site-content-layout":"default","site-content-style":"default","site-sidebar-style":"default","ast-global-header-display":"","ast-banner-title-visibility":"","ast-main-header-display":"","ast-hfb-above-header-display":"","ast-hfb-below-header-display":"","ast-hfb-mobile-header-display":"","site-post-title":"","ast-breadcrumbs-content":"","ast-featured-img":"","footer-sml-layout":"","theme-transparent-header-meta":"","adv-header-id-meta":"","stick-header-meta":"","header-above-stick-meta":"","header-main-stick-meta":"","header-below-stick-meta":"","astra-migrate-meta-layouts":"set","footnotes":""},"categories":[8,10,12,11],"tags":[],"class_list":["post-109080","post","type-post","status-publish","format-standard","has-post-thumbnail","hentry","category-espectaculos","category-notaslanortenita","category-notasmagiadigital","category-ocio"],"_links":{"self":[{"href":"https:\/\/lanortenita917.com.mx\/index.php\/wp-json\/wp\/v2\/posts\/109080","targetHints":{"allow":["GET"]}}],"collection":[{"href":"https:\/\/lanortenita917.com.mx\/index.php\/wp-json\/wp\/v2\/posts"}],"about":[{"href":"https:\/\/lanortenita917.com.mx\/index.php\/wp-json\/wp\/v2\/types\/post"}],"author":[{"embeddable":true,"href":"https:\/\/lanortenita917.com.mx\/index.php\/wp-json\/wp\/v2\/users\/7"}],"replies":[{"embeddable":true,"href":"https:\/\/lanortenita917.com.mx\/index.php\/wp-json\/wp\/v2\/comments?post=109080"}],"version-history":[{"count":1,"href":"https:\/\/lanortenita917.com.mx\/index.php\/wp-json\/wp\/v2\/posts\/109080\/revisions"}],"predecessor-version":[{"id":109085,"href":"https:\/\/lanortenita917.com.mx\/index.php\/wp-json\/wp\/v2\/posts\/109080\/revisions\/109085"}],"wp:featuredmedia":[{"embeddable":true,"href":"https:\/\/lanortenita917.com.mx\/index.php\/wp-json\/wp\/v2\/media\/109084"}],"wp:attachment":[{"href":"https:\/\/lanortenita917.com.mx\/index.php\/wp-json\/wp\/v2\/media?parent=109080"}],"wp:term":[{"taxonomy":"category","embeddable":true,"href":"https:\/\/lanortenita917.com.mx\/index.php\/wp-json\/wp\/v2\/categories?post=109080"},{"taxonomy":"post_tag","embeddable":true,"href":"https:\/\/lanortenita917.com.mx\/index.php\/wp-json\/wp\/v2\/tags?post=109080"}],"curies":[{"name":"wp","href":"https:\/\/api.w.org\/{rel}","templated":true}]}}