{"id":108316,"date":"2024-01-18T18:10:13","date_gmt":"2024-01-18T18:10:13","guid":{"rendered":"https:\/\/enblancoynegro.com.mx\/?p=108316"},"modified":"2024-01-18T18:11:09","modified_gmt":"2024-01-18T18:11:09","slug":"integrante-de-grupo-firme-jhonny-caz-desata-criticas-por-usar-falda-en-celebracion-familiar","status":"publish","type":"post","link":"https:\/\/lanortenita917.com.mx\/index.php\/2024\/01\/18\/integrante-de-grupo-firme-jhonny-caz-desata-criticas-por-usar-falda-en-celebracion-familiar\/","title":{"rendered":"Integrante de Grupo Firme, Jhonny Caz, Desata Cr\u00edticas por Usar Falda en Celebraci\u00f3n Familiar"},"content":{"rendered":"\n<p>Jhonny Parra Cazares, conocido como Jhonny Caz, miembro de Grupo Firme, gener\u00f3 fuertes cr\u00edticas despu\u00e9s de aparecer usando una falda, una chamarra holgada y botas de suela gruesa durante la celebraci\u00f3n del cumplea\u00f1os de su mam\u00e1, Lorena. La aparici\u00f3n en el escenario junto a Eduin Caz para felicitar a su madre fue inmortalizada en fotos que r\u00e1pidamente se compartieron en redes sociales.<\/p>\n\n\n\n<p>El atuendo de Jhonny Caz provoc\u00f3 una oleada de cr\u00edticas en los comentarios de las publicaciones, donde algunos usuarios expresaron su desaprobaci\u00f3n y cuestionaron la elecci\u00f3n de moda del cantante. Sin embargo, tambi\u00e9n hubo defensores que elogiaron su valent\u00eda y originalidad.<\/p>\n\n\n\n<p>A pesar de las cr\u00edticas, Jhonny Caz opt\u00f3 por no responder directamente y comparti\u00f3 en su cuenta de Instagram una foto de la celebraci\u00f3n con un mensaje emotivo para su madre: &#8220;Feliz cumplea\u00f1os a la mujer de mi vida y la que me dio la vida. Que bendici\u00f3n poder celebrar a mi madre como Dios manda y ella merece, que la vida nos permita tenerte con nosotros muchos a\u00f1os m\u00e1s&#8221;.<\/p>\n\n\n\n<figure class=\"wp-block-image size-full\"><img decoding=\"async\" src=\"https:\/\/enblancoynegro.com.mx\/wp-content\/uploads\/2024\/01\/firme2.png\" alt=\"\" class=\"wp-image-108321\"\/><\/figure>\n\n\n\n<p>Mientras algunos criticaron su elecci\u00f3n de vestimenta, otros admiradores cercanos elogiaron su estilo y le expresaron su apoyo. La controversia en torno al atuendo de Jhonny Caz refleja la diversidad de opiniones en las redes sociales sobre la expresi\u00f3n personal y la moda, incluso en el \u00e1mbito de la m\u00fasica regional mexicana.<\/p>\n","protected":false},"excerpt":{"rendered":"<p>Jhonny Parra Cazares, conocido como Jhonny Caz, miembro de Grupo Firme, gener\u00f3 fuertes cr\u00edticas despu\u00e9s de aparecer usando una falda, una chamarra holgada y botas de suela gruesa durante la celebraci\u00f3n del cumplea\u00f1os de su mam\u00e1, Lorena. La aparici\u00f3n en el escenario junto a Eduin Caz para felicitar a su madre fue inmortalizada en fotos &hellip;<\/p>\n<p class=\"read-more\"> <a class=\"\" href=\"https:\/\/lanortenita917.com.mx\/index.php\/2024\/01\/18\/integrante-de-grupo-firme-jhonny-caz-desata-criticas-por-usar-falda-en-celebracion-familiar\/\"> <span class=\"screen-reader-text\">Integrante de Grupo Firme, Jhonny Caz, Desata Cr\u00edticas por Usar Falda en Celebraci\u00f3n Familiar<\/span> Leer m\u00e1s &raquo;<\/a><\/p>\n","protected":false},"author":7,"featured_media":108321,"comment_status":"closed","ping_status":"closed","sticky":false,"template":"","format":"standard","meta":{"site-sidebar-layout":"default","site-content-layout":"","ast-site-content-layout":"default","site-content-style":"default","site-sidebar-style":"default","ast-global-header-display":"","ast-banner-title-visibility":"","ast-main-header-display":"","ast-hfb-above-header-display":"","ast-hfb-below-header-display":"","ast-hfb-mobile-header-display":"","site-post-title":"","ast-breadcrumbs-content":"","ast-featured-img":"","footer-sml-layout":"","theme-transparent-header-meta":"","adv-header-id-meta":"","stick-header-meta":"","header-above-stick-meta":"","header-main-stick-meta":"","header-below-stick-meta":"","astra-migrate-meta-layouts":"set","footnotes":""},"categories":[10,12,11],"tags":[],"class_list":["post-108316","post","type-post","status-publish","format-standard","has-post-thumbnail","hentry","category-notaslanortenita","category-notasmagiadigital","category-ocio"],"_links":{"self":[{"href":"https:\/\/lanortenita917.com.mx\/index.php\/wp-json\/wp\/v2\/posts\/108316","targetHints":{"allow":["GET"]}}],"collection":[{"href":"https:\/\/lanortenita917.com.mx\/index.php\/wp-json\/wp\/v2\/posts"}],"about":[{"href":"https:\/\/lanortenita917.com.mx\/index.php\/wp-json\/wp\/v2\/types\/post"}],"author":[{"embeddable":true,"href":"https:\/\/lanortenita917.com.mx\/index.php\/wp-json\/wp\/v2\/users\/7"}],"replies":[{"embeddable":true,"href":"https:\/\/lanortenita917.com.mx\/index.php\/wp-json\/wp\/v2\/comments?post=108316"}],"version-history":[{"count":1,"href":"https:\/\/lanortenita917.com.mx\/index.php\/wp-json\/wp\/v2\/posts\/108316\/revisions"}],"predecessor-version":[{"id":108322,"href":"https:\/\/lanortenita917.com.mx\/index.php\/wp-json\/wp\/v2\/posts\/108316\/revisions\/108322"}],"wp:featuredmedia":[{"embeddable":true,"href":"https:\/\/lanortenita917.com.mx\/index.php\/wp-json\/wp\/v2\/media\/108321"}],"wp:attachment":[{"href":"https:\/\/lanortenita917.com.mx\/index.php\/wp-json\/wp\/v2\/media?parent=108316"}],"wp:term":[{"taxonomy":"category","embeddable":true,"href":"https:\/\/lanortenita917.com.mx\/index.php\/wp-json\/wp\/v2\/categories?post=108316"},{"taxonomy":"post_tag","embeddable":true,"href":"https:\/\/lanortenita917.com.mx\/index.php\/wp-json\/wp\/v2\/tags?post=108316"}],"curies":[{"name":"wp","href":"https:\/\/api.w.org\/{rel}","templated":true}]}}